{"id":45632,"date":"2019-07-11T15:14:10","date_gmt":"2019-07-11T19:14:10","guid":{"rendered":"https:\/\/linitiative.ca\/International\/ligue-1-2-jsk-koanda-signera-son-contrat-a-la-fin-de-semaine\/"},"modified":"2019-07-11T15:14:10","modified_gmt":"2019-07-11T19:14:10","slug":"ligue-1-2-jsk-koanda-signera-son-contrat-a-la-fin-de-semaine","status":"publish","type":"post","link":"https:\/\/linitiative.ca\/International\/ligue-1-2-jsk-koanda-signera-son-contrat-a-la-fin-de-semaine\/","title":{"rendered":"Ligue 1 &amp; 2 : JSK: Koanda signera son contrat \u00e0 la fin de semaine"},"content":{"rendered":"<div readability=\"32\">\n<p>Auteur : <span>Sa\u00efd D.<\/span> <span class=\"time\">jeudi 11 juillet 2019 11:26<\/span><\/p>\n<\/div>\n<div id=\"post_core\" readability=\"91\">\n<p>Apr\u00e8s un premier stage qui s\u2019est bien d\u00e9roul\u00e9 \u00e0 Zekri au cours duquel un programme sp\u00e9cifique a \u00e9t\u00e9 trac\u00e9 et appliqu\u00e9, les Canaris se sont envol\u00e9s mardi matin \u00e0 destination d\u2019Evian pour le second regroupement de pr\u00e9paration qui s\u2019\u00e9talera jusqu\u2019au 25 juillet, et qui sera ponctu\u00e9 par trois ou quatre rencontres amicales, une occasion pour le ma\u00eetre Hubert Velud de se faire une bonne id\u00e9e sur chaque joueur. Ce sera aussi une opportunit\u00e9 pour les nouvelles recrues de s\u2019imposer et d\u2019annoncer la couleur. Mais ce stage sera aussi un vrai test pour le d\u00e9fenseur central, Koanda Souleymane. Le Burkinabais de 25 ans, qui a d\u00e9j\u00e0 fait ses preuves avec l\u2019ASEC Abidjan, souhaite rebondir avec la JSK. Et le peu qu\u2019il a montr\u00e9 durant \u00e0 Zekri, a \u00e9t\u00e9, selon nos sources, suffisant pour que le Fran\u00e7ais l\u2019engager. Et comme il n\u2019a pas encore sign\u00e9 son contrat, nous avons appris que son manager serait intervenu pour que la direction passe \u00e0 l\u2019action, puisque selon lui, un joueur ne peut pas s\u2019entra\u00eener plusieurs jours sans avoir une r\u00e9ponse positive ou n\u00e9gative. Autrement dit, il aura eu peur pour son \u00e9l\u00e9ment de contracter une blessure, alors qu\u2019il n\u2019a aucun papier avec sa nouvelle \u00e9quipe. Et lorsque nous avons essay\u00e9 d\u2019en savoir davantage, il semblerait que le contrat de Koanda est d\u00e9j\u00e0 pr\u00eat et devrait signer \u00e0 la fin de semaine. Autrement dit, il sera officiellement la neuvi\u00e8me recrue avant le premier match de samedi prochain contre FC Annecy.<\/p>\n<p><strong>Son manager est attendu \u00e0 Evian jeudi ou vendredi<\/strong><br \/>A en croire une source bien inform\u00e9e, la direction de la JSK a d\u00e9j\u00e0 valid\u00e9 l\u2019arriv\u00e9e de Koanda, qui a laiss\u00e9 une bonne impression, notamment avec son gabarit impressionnant. Mais avant de l\u2019engager, il faudrait d\u2019abord attendre l\u2019arriv\u00e9e de son agent qui sera pr\u00e9sent \u00e0 la signature. Et d\u2019apr\u00e8s nos informations, il est attendu fin de semaine \u00e0 Evian pour rencontrer les dirigeants et passer directement aux choses s\u00e9rieuses. Ce qui nous pousse \u00e0 dire que Koanda serait d\u00e9j\u00e0 Canari pour les deux prochaines ann\u00e9es.<\/p>\n<p><strong>Velud a donn\u00e9 son accord, la direction veut le garder<\/strong><br \/>Supervis\u00e9 par le coach Velud et le directeur technique, Chay, les deux techniciens ont tous les deux donn\u00e9 leur accord pour engager Koanda. Les qualit\u00e9s du Burkinabais n\u2019ont laiss\u00e9 personne indiff\u00e9rent, notamment le pr\u00e9sident Mellal qui, rappelons-le, a beaucoup insist\u00e9 pour le convaincre de venir et subir une s\u00e9rie de test.<\/p>\n<p><strong>Il signera un contrat de trois ans<\/strong><br \/>Quant aux modalit\u00e9s du contrat, la direction kabyle a d\u00e9j\u00e0 propos\u00e9 au manager du joueur un contrat d\u2019une longue dur\u00e9e. Ainsi, le Burkinabais signera un bail de trois ans d\u2019ici la fin de semaine et deviendra la neuvi\u00e8me recrue.<\/p>\n<p><strong>Les matchs amicaux, l\u2019occasion pour lui de confirmer<\/strong><br \/>Ce qui pourrait jouer en faveur de Koanda, ce sont les matchs amicaux. L\u2019axial qui s\u2019est d\u00e9j\u00e0 fait une petite place parmi le groupe, devrait bien profiter des rencontres amicales pour prouver sa valeur et relancer la concurrence. Et dans le cas o\u00f9 il s\u2019imposerait, ce serait un vrai d\u00e9fi pour les autres axiaux, qui devraient eux aussi, faire pareil ou mieux.<\/p>\n<p><strong>Publi\u00e9 dans :<\/strong> <span>JSK<\/span> <span>Velud<\/span> <span>Koanda<\/span><\/p>\n<\/div>\n<p>Auteur:<br \/>\n<a href=\"http:\/\/www.lebuteur.com\/article\/detail?titre=jsk-koanda-signera-son-contrat-a-la-fin-de-semaine&#038;id=90257&#038;utm_source=feedburner&#038;utm_medium=feed&#038;utm_campaign=Feed%3A+GalerieFArtciles+%28Les+derniers+articles++-+lebuteur.com%29\">Cliquez ici pour lire l&rsquo;article depuis sa source.<\/a><\/p>\n","protected":false},"excerpt":{"rendered":"<p>Auteur : Sa\u00efd D. jeudi 11 juillet 2019 11:26 Apr\u00e8s un premier stage qui s\u2019est bien d\u00e9roul\u00e9 \u00e0 Zekri au cours duquel un programme sp\u00e9cifique a \u00e9t\u00e9 trac\u00e9 et appliqu\u00e9, les Canaris se sont envol\u00e9s mardi matin \u00e0 destination d\u2019Evian pour le second regroupement de pr\u00e9paration qui s\u2019\u00e9talera jusqu\u2019au 25 juillet, et qui sera ponctu\u00e9 [&hellip;]<\/p>\n","protected":false},"author":1738,"featured_media":45633,"comment_status":"closed","ping_status":"closed","sticky":false,"template":"","format":"standard","meta":{"fifu_image_url":"","fifu_image_alt":"","footnotes":""},"categories":[53,75],"tags":[],"class_list":["post-45632","post","type-post","status-publish","format-standard","has-post-thumbnail","hentry","category-algerie","category-sport"],"_links":{"self":[{"href":"https:\/\/linitiative.ca\/International\/wp-json\/wp\/v2\/posts\/45632","targetHints":{"allow":["GET"]}}],"collection":[{"href":"https:\/\/linitiative.ca\/International\/wp-json\/wp\/v2\/posts"}],"about":[{"href":"https:\/\/linitiative.ca\/International\/wp-json\/wp\/v2\/types\/post"}],"author":[{"embeddable":true,"href":"https:\/\/linitiative.ca\/International\/wp-json\/wp\/v2\/users\/1738"}],"replies":[{"embeddable":true,"href":"https:\/\/linitiative.ca\/International\/wp-json\/wp\/v2\/comments?post=45632"}],"version-history":[{"count":0,"href":"https:\/\/linitiative.ca\/International\/wp-json\/wp\/v2\/posts\/45632\/revisions"}],"wp:featuredmedia":[{"embeddable":true,"href":"https:\/\/linitiative.ca\/International\/wp-json\/"}],"wp:attachment":[{"href":"https:\/\/linitiative.ca\/International\/wp-json\/wp\/v2\/media?parent=45632"}],"wp:term":[{"taxonomy":"category","embeddable":true,"href":"https:\/\/linitiative.ca\/International\/wp-json\/wp\/v2\/categories?post=45632"},{"taxonomy":"post_tag","embeddable":true,"href":"https:\/\/linitiative.ca\/International\/wp-json\/wp\/v2\/tags?post=45632"}],"curies":[{"name":"wp","href":"https:\/\/api.w.org\/{rel}","templated":true}]}}