{"id":45636,"date":"2019-07-11T15:14:12","date_gmt":"2019-07-11T19:14:12","guid":{"rendered":"https:\/\/linitiative.ca\/International\/ligue-1-2-ess-debari-et-laribi-signent-pour-deux-ans\/"},"modified":"2019-07-11T15:14:12","modified_gmt":"2019-07-11T19:14:12","slug":"ligue-1-2-ess-debari-et-laribi-signent-pour-deux-ans","status":"publish","type":"post","link":"https:\/\/linitiative.ca\/International\/ligue-1-2-ess-debari-et-laribi-signent-pour-deux-ans\/","title":{"rendered":"Ligue 1 &amp; 2 : ESS: Debari et Laribi signent pour deux ans"},"content":{"rendered":"<div readability=\"32\">\n<p>Auteur : <span>K. L.<\/span> <span class=\"time\">jeudi 11 juillet 2019 11:26<\/span><\/p>\n<\/div>\n<div id=\"post_core\" readability=\"122\">\n<p>La direction actuelle de l\u2019Entente repr\u00e9sent\u00e9e par le directoire que pr\u00e9side momentan\u00e9ment El Aid Khaber a fait signer hier deux nouveaux. Il s\u2019agit du lat\u00e9ral droit du MOB, Abdelhak Debari, et du d\u00e9fenseur central du NAHD, Hocine Laribi. Les deux joueurs s\u2019\u00e9taient pr\u00e9sent\u00e9s avant-hier \u00e0 S\u00e9tif o\u00f9 ils ont pass\u00e9 la nuit avant de proc\u00e9der hier matin \u00e0 la conclusion de l\u2019accord trouv\u00e9 auparavant et signer officiellement leur engagement avec l\u2019Entente pour deux saisons. Il est \u00e0 pr\u00e9ciser que lesdits contrats ont \u00e9t\u00e9 sign\u00e9s unilat\u00e9ralement, car pour le moment, El Aid Khaber n\u2019a pas encore re\u00e7u la procuration lui permettant de signer des documents officiels du club, mais cela ne saurait tarder. C\u2019est la premi\u00e8re transaction que r\u00e9alise le directoire de l\u2019ESS en mati\u00e8re de recrutement. Laribi et Debari s\u2019ajoutent \u00e0 Khiat, Souibaa et Tebbi, qui avaient sign\u00e9 auparavant sous l\u2019\u00e8re Hammar.<br \/><strong>Ils seront pr\u00e9sents ce soir \u00e0 la reprise<\/strong><br \/>Juste apr\u00e8s la c\u00e9r\u00e9monie de signature \u00e0 laquelle avaient assist\u00e9 Larbaoui, Fellahi, Djeroudi, Khaber et Sadi, Laribi et Debari ont \u00e9t\u00e9 pr\u00e9sent\u00e9s \u00e0 la presse par le secr\u00e9taire g\u00e9n\u00e9ral Rachid Djeroudi. Les deux joueurs devront entamer les entrainements avec leur nouvelle \u00e9quipe ce soir \u00e0 l\u2019occasion de la s\u00e9ance de reprise qui est pr\u00e9vue \u00e0 20h.<br \/><strong>El Ouertani devrait signer aujourd\u2019hui<\/strong><br \/>En plus de Laribi et Debari, la direction actuelle de l\u2019ESS attend l\u2019arriv\u00e9e aujourd\u2019hui du milieu de terrain du NAHD, Mehdi El Ouertani, pour conclure avec lui. Comme Debari et Laribi, El Ouertani a d\u00e9j\u00e0 trouv\u00e9 un terrain d\u2019entente avec les responsables du club et il ne reste que la signature de son contrat qui est pr\u00e9vue pour aujourd\u2019hui. Si c\u2019est le cas, il deviendra la sixi\u00e8me recrue officielle de l\u2019Entente en cette intersaison et le troisi\u00e8me joueur du Nasr de Hussein-Dey \u00e0 avoir rejoint le club de A\u00efn El Fouara, apr\u00e8s Khiat et Laribi.<br \/>\u00a0<\/p>\n<p><strong>Reprise ce soir \u00e0 20h<\/strong><\/p>\n<p>Apr\u00e8s avoir s\u00e9ch\u00e9 la reprise qui \u00e9tait pr\u00e9vue samedi dernier et apr\u00e8s l\u2019\u00e9chec des n\u00e9gociations avec la direction lors de la r\u00e9union qui a \u00e9t\u00e9 tenue lundi, les joueurs de l\u2019Entente semblent avoir d\u00e9cid\u00e9 de reprendre du service, non sans conditions. En effet, apr\u00e8s l\u2019entremise de quelques interm\u00e9diaires qui ont pu calmer les esprits et ramener tout le monde \u00e0 la raison, la reprise des entrainements est fix\u00e9e pour ce soir \u00e0 partir de 20h, c\u2019est-\u00e0-dire apr\u00e8s le match Alg\u00e9rie-C\u00f4te d\u2019Ivoire. Il y a eu de nouvelles discussions avec les joueurs concernant leurs arri\u00e9r\u00e9s et qui ont pu aboutir \u00e0 un accord entre les deux parties. Une sorte de protocole que les joueurs ont exig\u00e9 pour qu\u2019il soit sign\u00e9 en bonne et due forme. Cela va \u00eatre fait samedi prochain, mais en attendant, les dirigeants ont demand\u00e9 aux joueurs de reprendre l\u2019entra\u00eenement aujourd\u2019hui pour montrer leur bonne foi et pour ne pas perdre plus de temps.<br \/><strong>Un protocole pour la r\u00e9gularisation des joueurs sera sign\u00e9 samedi<\/strong><br \/>Pour revenir \u00e0 ce protocole qui va \u00eatre sign\u00e9 samedi, il a \u00e9t\u00e9 d\u00e9cid\u00e9 de proc\u00e9der au paiement des arri\u00e9r\u00e9s des joueurs entre le 1er et le 9 septembre prochain, une p\u00e9riode qui co\u00efncide avec la premi\u00e8re date FIFA de la nouvelle saison. L\u2019accord stipule que tous les salaires des joueurs de la saison \u00e9coul\u00e9e soient pay\u00e9s. On imagine mal comment cela va \u00eatre possible, mais apparemment, les camarades de Rebiai auraient \u00e9t\u00e9 convaincus. Leur seule garantie sera ce protocole qui va \u00eatre sign\u00e9 samedi. L\u2019autre accord qui a \u00e9t\u00e9 trouv\u00e9 entre les deux parties, c\u2019est de consentir une petite avance aux joueurs pour qu\u2019ils puissent subvenir \u00e0 leurs besoins et aux besoins de leurs familles en attendant la r\u00e9gularisation de toute leur situation financi\u00e8re. Une somme de 100 millions de centimes sera vers\u00e9e \u00e0 chacun d\u2019eux ces jours-ci et elle sera d\u00e9duite de l\u2019op\u00e9ration qui aura lieu au mois de septembre.<br \/><strong>Ceux qui \u00e9taient absents doivent \u00eatre inform\u00e9s<\/strong><br \/>Le protocole en question concerne tous les joueurs de l\u2019effectif senior de la saison pass\u00e9e et qui sont toujours sous contrat avec le club, sachant que lors de la r\u00e9union de lundi pass\u00e9, sept joueurs seulement s\u2019\u00e9taient pr\u00e9sent\u00e9s. On devrait donc discuter avec ceux qui ne sont pas venus pour leur faire part de l\u2019accord trouv\u00e9 avec leurs camarades pour \u00e9viter toute mauvaise surprise. En ce qui concerne les jeunes qui ont \u00e9t\u00e9 promus cette saison en \u00e9quipe premi\u00e8re, ils seront eux aussi pay\u00e9s, mais avec un bar\u00e8me diff\u00e9rent et qui sera fix\u00e9 dans une r\u00e9union qui se tiendra incessamment.<br \/><strong>Les joueurs ont soulev\u00e9 le probl\u00e8me de l\u2019h\u00e9bergement<\/strong><br \/>Reste \u00e0 savoir si les entrainements vont bel et bien d\u00e9buter aujourd\u2019hui. En attendant, un autre probl\u00e8me s\u2019est pos\u00e9, celui de l\u2019h\u00e9bergement. Les joueurs l\u2019ont soulev\u00e9 et la direction est oblig\u00e9e de trouver une solution le plus vite possible. Comme d\u00e9j\u00e0 indiqu\u00e9, Azzedine Araba a d\u00e9j\u00e0 propos\u00e9 de mettre quelques uns de ses appartements \u00e0 la disposition du club pour loger quelques joueurs le temps que ce probl\u00e8me soit d\u00e9finitivement r\u00e9gl\u00e9. Les joueurs que nous avons contact\u00e9s ont insist\u00e9 sur ce point. \u00ab Il s\u2019agit tout de m\u00eame d\u2019un grand club, c\u2019est le minimum qu\u2019il doit garantir \u00e0 ses joueurs m\u00eame si ces derniers ont les moyens de se d\u00e9brouiller tout seuls \u00bb, nous ont-ils d\u00e9clar\u00e9.<br \/>\u00a0<\/p>\n<p><strong>Laribi \u00abJ\u2019ai choisi l\u2019Entente par conviction\u00bb<\/strong><\/p>\n<p><strong>Vous venez de signer un contrat de deux ans avec l\u2019ESS, quel est votre sentiment ?<\/strong><br \/>Je viens de signer pour un grand club, qui n\u2019est plus \u00e0 pr\u00e9senter, et vous devinez un peu mes sentiments. Je suis \u00e9videmment tr\u00e8s content d\u2019avoir sign\u00e9 pour l\u2019Entente o\u00f9 je dois \u00eatre \u00e0 la hauteur de son statut. Mon objectif c\u2019est de progresser encore \u00e0 l\u2019Entente, d\u2019apporter ce qu\u2019on attend de moi et, pourquoi pas, gagner des titres.<br \/><strong>Comment avez-vous atterri \u00e0 l\u2019Entente ?<\/strong><br \/>Le plus normalement du monde. J\u2019ai \u00e9t\u00e9 contact\u00e9, on m\u2019a fait une offre, nous avons n\u00e9goci\u00e9 et j\u2019ai \u00e9t\u00e9 convaincu. Je sais qu\u2019il y a beaucoup de probl\u00e8mes \u00e0 l\u2019Entente en ce moment et que certains peuvent s\u2019interroger comment j\u2019ai pu choisir l\u2019ESS, mais je dis que tous les clubs alg\u00e9riens sont dans la m\u00eame situation, il y a les m\u00eames probl\u00e8mes partout. En ce qui me concerne, j\u2019ai \u00e9t\u00e9 convaincu par le discours des dirigeants actuels auxquels je fais confiance.<br \/><strong>Vous \u00eates un d\u00e9fenseur central et \u00e0 l\u2019ESS il y a une grande concurrence \u00e0 ce niveau. Y avez-vous pens\u00e9 ?<\/strong><br \/>Oui, je le savais, bien s\u00fbr. Il y a effectivement de bons joueurs \u00e0 ce niveau comme Rebiai, Nemdil, Saad ou m\u00eame Debari qui vient de signer lui aussi \u00e0 l\u2019Entente, mais cela ne me fait pas peur. Je suis quelqu\u2019un qui aime les d\u00e9fis et \u00e7a sera mon d\u00e9fi de d\u00e9crocher une place de titulaire. La concurrence fait partie du jeu et elle sera b\u00e9n\u00e9fique pour l\u2019\u00e9quipe. Apr\u00e8s, il y a un entraineur en place qui doit choisir les meilleurs et dont on doit respecter les choix.<br \/>\u00a0<\/p>\n<p><strong>Une Assembl\u00e9e g\u00e9n\u00e9rale extraordinaire ce lundi<\/strong><\/p>\n<p>Le directoire de l\u2019ESS que pr\u00e9side El Aid Khaber aurait pris conscience que la priorit\u00e9 des priorit\u00e9s est de tenir une assembl\u00e9e g\u00e9n\u00e9rale \u00e9lective pour \u00e9lire le nouveau pr\u00e9sident et le nouveau bureau du Club sportif amateur.\u00a0 C\u2019est la seule fa\u00e7on d\u2019esp\u00e9rer un d\u00e9but de sortie de crise. Car comme nous l\u2019avons expliqu\u00e9 hier, le directoire en place ne pourra pas agir comme il veut. La preuve, El Aid Khaber n\u2019a pas pu signer hier les contrats des deux nouvelles recrues, Laribi et Debari. Et puisque le plus grand probl\u00e8me de l\u2019ESS en ce moment est financier, les aides et les subventions des autorit\u00e9s locales restent suspendues jusqu\u2019\u00e0 la tenue de l\u2019AGE et l\u2019\u00e9lection du nouveau bureau. Et c\u2019est pour cette raison que les dirigeants actuels veulent tenir une assembl\u00e9e extraordinaire, lundi prochain, pour pr\u00e9parer l\u2019assembl\u00e9e \u00e9lective dans les plus brefs d\u00e9lais. D\u2019autant qu\u2019ils ont fait des promesses aux joueurs, que ce soit les anciens ou les nouveaux, pour les payer \u00e0 des dates fixes. Il ne faut pas oublier aussi que la SSPA\/ESS n\u2019a pas de conseil d\u2019administration qui g\u00e8re les affaires du club. C\u2019est un vide qui dure depuis le mois de f\u00e9vrier. Il est important de restructurer toute l\u2019administration du club et cela passera n\u00e9cessairement par la tenue d\u2019une Assembl\u00e9e g\u00e9n\u00e9rale \u00e9lective.<br \/><strong>La date de l\u2019AGE sera fix\u00e9e au cours des travaux<\/strong><br \/>C\u2019est au cours de cette AG extraordinaire que sera fix\u00e9e la date de l\u2019AG \u00e9lective. On proc\u00e9dera \u00e0 la cr\u00e9ation de la commission des candidatures. Aussi, un appel sera lanc\u00e9 aux personnes qui veulent devenir membres de l\u2019assembl\u00e9e afin de la renforcer.<br \/><strong>Le mandat du nouveau pr\u00e9sident durera une ann\u00e9e<\/strong><br \/>Il est \u00e0 noter que le mandat du prochain pr\u00e9sident du Club sportif amateur prendra fin au terme du cycle olympique, jusqu\u2019\u00e0 la fin de la nouvelle saison. Une autre assembl\u00e9e \u00e9lective est donc pr\u00e9vue \u00e0 la fin de la saison pour le r\u00e9\u00e9lire ou \u00e9lire un nouveau pr\u00e9sident pour un autre mandat de quatre ans.<br \/>\u00a0<\/p>\n<p><strong>Publi\u00e9 dans :<\/strong> <span>ess<\/span> <span>Souibaa<\/span> <span>Abdelhak Debari<\/span> <span>Hammar et Tebbi<\/span><\/p>\n<\/div>\n<p>Auteur:<br \/>\n<a href=\"http:\/\/www.lebuteur.com\/article\/detail?titre=ess-debari-et-laribi-signent-pour-deux-ans&#038;id=90254&#038;utm_source=feedburner&#038;utm_medium=feed&#038;utm_campaign=Feed%3A+GalerieFArtciles+%28Les+derniers+articles++-+lebuteur.com%29\">Cliquez ici pour lire l&rsquo;article depuis sa source.<\/a><\/p>\n","protected":false},"excerpt":{"rendered":"<p>Auteur : K. L. jeudi 11 juillet 2019 11:26 La direction actuelle de l\u2019Entente repr\u00e9sent\u00e9e par le directoire que pr\u00e9side momentan\u00e9ment El Aid Khaber a fait signer hier deux nouveaux. Il s\u2019agit du lat\u00e9ral droit du MOB, Abdelhak Debari, et du d\u00e9fenseur central du NAHD, Hocine Laribi. Les deux joueurs s\u2019\u00e9taient pr\u00e9sent\u00e9s avant-hier \u00e0 S\u00e9tif [&hellip;]<\/p>\n","protected":false},"author":1738,"featured_media":45637,"comment_status":"closed","ping_status":"closed","sticky":false,"template":"","format":"standard","meta":{"fifu_image_url":"","fifu_image_alt":"","footnotes":""},"categories":[53,75],"tags":[],"class_list":["post-45636","post","type-post","status-publish","format-standard","has-post-thumbnail","hentry","category-algerie","category-sport"],"_links":{"self":[{"href":"https:\/\/linitiative.ca\/International\/wp-json\/wp\/v2\/posts\/45636","targetHints":{"allow":["GET"]}}],"collection":[{"href":"https:\/\/linitiative.ca\/International\/wp-json\/wp\/v2\/posts"}],"about":[{"href":"https:\/\/linitiative.ca\/International\/wp-json\/wp\/v2\/types\/post"}],"author":[{"embeddable":true,"href":"https:\/\/linitiative.ca\/International\/wp-json\/wp\/v2\/users\/1738"}],"replies":[{"embeddable":true,"href":"https:\/\/linitiative.ca\/International\/wp-json\/wp\/v2\/comments?post=45636"}],"version-history":[{"count":0,"href":"https:\/\/linitiative.ca\/International\/wp-json\/wp\/v2\/posts\/45636\/revisions"}],"wp:featuredmedia":[{"embeddable":true,"href":"https:\/\/linitiative.ca\/International\/wp-json\/"}],"wp:attachment":[{"href":"https:\/\/linitiative.ca\/International\/wp-json\/wp\/v2\/media?parent=45636"}],"wp:term":[{"taxonomy":"category","embeddable":true,"href":"https:\/\/linitiative.ca\/International\/wp-json\/wp\/v2\/categories?post=45636"},{"taxonomy":"post_tag","embeddable":true,"href":"https:\/\/linitiative.ca\/International\/wp-json\/wp\/v2\/tags?post=45636"}],"curies":[{"name":"wp","href":"https:\/\/api.w.org\/{rel}","templated":true}]}}