{"id":45640,"date":"2019-07-11T15:14:16","date_gmt":"2019-07-11T19:14:16","guid":{"rendered":"https:\/\/linitiative.ca\/International\/ligue-1-2-usma-le-premier-stage-debute-ce-dimanche-celui-du-portugal-risque-detre-annule\/"},"modified":"2019-07-11T15:14:16","modified_gmt":"2019-07-11T19:14:16","slug":"ligue-1-2-usma-le-premier-stage-debute-ce-dimanche-celui-du-portugal-risque-detre-annule","status":"publish","type":"post","link":"https:\/\/linitiative.ca\/International\/ligue-1-2-usma-le-premier-stage-debute-ce-dimanche-celui-du-portugal-risque-detre-annule\/","title":{"rendered":"Ligue 1 &amp; 2 : USMA: Le premier stage d\u00e9bute ce dimanche, celui du Portugal risque d\u2019\u00eatre annul\u00e9"},"content":{"rendered":"<div readability=\"32\">\n<p>Auteur : <span>Adel Cheraki<\/span> <span class=\"time\">jeudi 11 juillet 2019 11:26<\/span><\/p>\n<\/div>\n<div id=\"post_core\" readability=\"107\">\n<p>Apr\u00e8s le premier stage qui aura lieu \u00e0 Alger la semaine prochaine, les champions de l\u2019exercice sortant enchaineront avec un autre mais cette fois-ci c\u2019est \u00e0 l\u2019\u00e9tranger qu\u2019il se d\u00e9roulera. Il devrait \u00eatre entam\u00e9 le 26 du mois actuel et ne se terminera que le\u00a0 9 ao\u00fbt, soit une semaine avant le d\u00e9but de la nouvelle saison. Mais ce qu\u2019il faut savoir, ce regroupement pourrait bien \u00eatre annul\u00e9 dans le cas o\u00f9 l\u2019USMA sera concern\u00e9e par le tour pr\u00e9liminaire de la Ligue des Champions puisque la premi\u00e8re manche de ces 32es\u00a0 de finale devra avoir lieu les 7, 8 ou 9 et c\u2019est ce qui obligera Billel Dziri \u00e0 revoir sa copie. Pour l\u2019instant, aucune d\u00e9cision finale n\u2019a \u00e9t\u00e9 prise mais tout sera clair lors des jours \u00e0 venir, du moment o\u00f9 jusque-l\u00e0 rien n\u2019a \u00e9t\u00e9 communiqu\u00e9 au club qui sera l\u2019un des deux repr\u00e9sentants du pays dans cette comp\u00e9tition dont la derni\u00e8re participation remontre \u00e0 2017.<br \/><strong>Il pourrait \u00eatre avanc\u00e9<\/strong><br \/>Dans le cas o\u00f9 \u00e7a se confirmera et que l\u2019USMA jouera le tour pr\u00e9liminaire de la Ligue des Champions, le stage qui est pr\u00e9vu \u00e0 l\u2019\u00e9tranger pourrait ne pas \u00eatre annul\u00e9 mais juste avanc\u00e9 d\u2019une semaine. En prenant une telle d\u00e9cision, le coach et les membres de son staff pourront appliquer leur programme comme ils le souhaitent. Pour rappel, au Portugal, les Rouge et Noir devront jouer au moins deux rencontres amicales face \u00e0 des formations locales.\u00a0 A noter que le centre qui accueillera les Usmistes a d\u00e9j\u00e0 re\u00e7u des \u00e9quipes alg\u00e9roises et c\u2019est du NAHD et du PAC qu\u2019il s\u2019agit.<br \/><strong>La Tunisie comme seconde option<\/strong><br \/>Dans le cas o\u00f9 les membres de la d\u00e9l\u00e9gation n\u2019auront pas leur visa \u00e0 temps, les dirigeants opteront pour une autre destination et c\u2019est la Tunisie qui devra \u00eatre choisie. Ayant pour habitude de se rendre \u00e0 Gammarth ou encore Sousse, les Rouge et Noir ont pr\u00e9vu donc un plan B, une mani\u00e8re de parer \u00e0 toute \u00e9ventualit\u00e9. Pour rappel,\u00a0 l\u2019\u00e9t\u00e9 pass\u00e9, les Usmistes se sont rendus au Kenya avant de poursuivre leur pr\u00e9paration au Rwanda. Aucun club auparavant n\u2019avait tent\u00e9 un tel coup. Les joueurs de l\u2019USM Alger effectueront leur premier stage cet \u00e9t\u00e9 dans quelques jours et c\u2019est \u00e0 Alger qu\u2019il se d\u00e9roulera. Pour \u00eatre plus pr\u00e9cis, c\u2019est en d\u00e9but de semaine qu\u2019il d\u00e9butera. Les co\u00e9quipiers de Mohamed Rabie Meftah seront soumis \u00e0 un grand travail physique et technique. Ils enchaineront les s\u00e9ances d\u2019entrainement et c\u2019est tous ensemble qu\u2019ils regagneront leur lieu d\u2019h\u00e9bergement en fin de journ\u00e9e. Conscients de l\u2019importance de cette p\u00e9riode pour la suite du parcours, Billel Dziri et les membres de son staff misent beaucoup sur ce regroupement. Ils esp\u00e8rent que les joueurs r\u00e9pondent donc pr\u00e9sents et soient \u00e0 la hauteur.<br \/><strong>Il durera cinq jours<\/strong><br \/>Selon les informations dont nous disposons, ce premier stage durera cinq jours.\u00a0 Il d\u00e9butera donc le dimanche et ne se terminera que\u00a0 jeudi. Ce n\u2019est qu\u2019apr\u00e8s la s\u00e9ance d\u2019entrainement matinale que les joueurs seront autoris\u00e9s \u00e0 rentrer chez eux. Ils auront droit \u00e0 un ou peut-\u00eatre m\u00eame deux jours de repos avant d\u2019attaquer la seconde phase de la pr\u00e9paration. Une pr\u00e9paration qui durera jusqu\u2019au d\u00e9but du prochain mois. Rappelons que les Rouge et Noir renoueront avec la comp\u00e9tition officielle vers le 9 ao\u00fbt dans le cas o\u00f9 ils seront concern\u00e9s par le tour pr\u00e9liminaire de la Ligue des Champions. Dans le cas contraire, leur premi\u00e8re sortie officielle sera lors de la premi\u00e8re journ\u00e9e de l\u2019exercice 2019\/2020.<br \/><strong>Les joueurs seront log\u00e9s \u00e0 l\u2019h\u00f4tel Olympic<\/strong><br \/>Lors de ce premier stage qui se d\u00e9roulera \u00e0 Alger, les joueurs de l\u2019USMA ainsi que les membres du staff technique et m\u00e9dical seront h\u00e9berg\u00e9s \u00e0 l\u2019h\u00f4tel Olympic, un \u00e9tablissement qui se situe \u00e0 Dely Ibrahim. Ce n\u2019est pas la premi\u00e8re fois qu\u2019ils optent pour ce lieu du moment o\u00f9 les derni\u00e8res mises au vert la saison pass\u00e9e ont eu lieu l\u00e0-bas. Disposant de tout ce qu\u2019il faut pour que les Rouge et Noir ne manquent de rien, ils ne le quitteront que le jeudi matin. C\u2019est en tout cas ce que nous avons pu apprendre d\u2019une source digne de foi.<br \/>\u00a0<\/p>\n<p><strong>La situation d\u2019Ellafi toujours pas r\u00e9gl\u00e9e<\/strong><\/p>\n<p>Les Rouge et Noir ont d\u00e9but\u00e9 la pr\u00e9paration pour la nouvelle saison il y a plus d\u2019une semaine mais au moment o\u00f9 nous mettons sous presse, le groupe n\u2019est toujours pas au complet. Parmi ceux qui manquent \u00e0 l\u2019appel, nous pouvons citer le nom de Muaid Ellafi. Le milieu de terrain offensif libyen n\u2019a toujours pas regagn\u00e9 la capitale et ce n\u2019est que lors des prochaines heures qu\u2019il devrait d\u00e9barquer en provenance de chez lui. En attendant qu\u2019il se joigne \u00e0 ses co\u00e9quipiers, le n\u00b010 des Rouge et Noir esp\u00e8re que sa situation financi\u00e8re soit r\u00e9gl\u00e9e le plus rapidement possible afin qu\u2019il puisse se concentrer uniquement sur son travail. Pour rappel, l\u2019ancien joueur d\u2019Al-Ahly Tripoli n\u2019a plus touch\u00e9 le moindre centime depuis plusieurs mois et c\u2019est ce qui comme \u00e0 l\u2019agacer.<\/p>\n<p><strong>La direction tente de rattraper le coup<\/strong><br \/>Ce qu\u2019il faut savoir aussi, c\u2019est que les responsables du club alg\u00e9rois ont inject\u00e9 de l\u2019argent dans le compte du joueur mais le transfert ne s\u2019est pas fait comme il a \u00e9t\u00e9 pr\u00e9vu juste avant la signature du contrat. Pour que tout rentre dans l\u2019ordre, les dirigeants sont appel\u00e9s \u00e0 faire le n\u00e9cessaire pour r\u00e9gler cette situation. Arriv\u00e9 au club lors du dernier mercato, celui qui a eu une br\u00e8ve exp\u00e9rience en Arabie Saoudite a particip\u00e9 activement \u00e0 la conqu\u00eate du huiti\u00e8me titre dans l\u2019histoire de l\u2019USMA gr\u00e2ce aux buts qu\u2019il a inscrits et aux passes d\u00e9cisives qu\u2019il a d\u00e9livr\u00e9es au grand bonheur des supporters qui ont fait de lui leur chouchou num\u00e9ro un.<\/p>\n<p><strong>Ryad Ellafi (manager du joueur) : \u00abMon fr\u00e8re est \u00e0 l\u2019aise \u00e0 l\u2019USMA, mais\u2026 \u00bb<\/strong><br \/>Contact\u00e9 par t\u00e9l\u00e9phone, Ryad Ellafi qui n\u2019est autre que le fr\u00e8re du joueur mais aussi son manager nous a dit \u00e0 ce sujet : \u00abMuaid est tr\u00e8s \u00e0 l\u2019aise \u00e0 l\u2019USMA. Il est bien trait\u00e9 que ce soit sur ou en dehors des terrains. Il ne manque de rien \u00e0 l\u2019USMA et il veut bien rester mais ce qu\u2019il vit nous agace. C\u2019est vrai que le club a tenu ses engagements en le payant. Seulement, le transfert d\u2019argent ne s\u2019est pas fait comme\u00a0 convenu. J\u2019esp\u00e8re que ce probl\u00e8me sera vite r\u00e9gl\u00e9 pour que tout rentre dans l\u2019ordre.\u00bb<\/p>\n<p><strong>\u00abDepuis le mois de d\u00e9cembre, il n\u2019a touch\u00e9 aucun centime\u00bb<\/strong><br \/>Le repr\u00e9sentant de Muaid Ellafi ne s\u2019est pas arr\u00eat\u00e9 l\u00e0, puisqu\u2019il a ajout\u00e9 : \u00abMon fr\u00e8re n\u2019a plus touch\u00e9 le moindre sou depuis le mois de d\u00e9cembre, c\u2019est beaucoup. Il a une famille et jusque-l\u00e0 nous n\u2019avons rien pu faire pour r\u00e9cup\u00e9rer cet argent. M\u00eame si nous le retirons \u00e0 Alger, nous ne pourrons pas le faire entrer en Tunisie car c\u2019est ill\u00e9gal. Il faudra donc qu\u2019un transfert soit vite fait comme \u00e7a, nous fermerons ce dossier et Muaid ne se concentrera que sur son travail. Il a tout donn\u00e9 depuis qu\u2019il a opt\u00e9 pour ce club, il a particip\u00e9 \u00e0 la conqu\u00eate du titre donc on doit l\u2019aider afin de r\u00e9gler cette affaire car il l\u2019a bien m\u00e9rit\u00e9.\u00bb<\/p>\n<p><strong>\u00abOn s\u2019est mis d\u2019accord pour que son argent soit transf\u00e9r\u00e9 vers une banque tunisienne\u00bb<\/strong><br \/>Pour terminer, notre interlocuteur a dit : \u00abTout est clair, nous nous sommes mis d\u2019accord pour que les dirigeants de l\u2019USMA se chargent du transfert de l\u2019argent vers les banques tunisiennes, mais jusque-l\u00e0 rien n\u2019a \u00e9t\u00e9 fait. Nous ne voulons pas \u00eatre en conflit avec la direction de cette \u00e9quipe mais on doit prendre en consid\u00e9ration notre demande. Une fois que tout sera r\u00e9gl\u00e9, le joueur pourra \u00eatre bien moralement et doubler ses efforts sur le terrain pour qu\u2019il soit encore plus performant \u00e0 l\u2019avenir.\u00bb En plus d\u2019Ellafi, Ibara et Benyahia n\u2019ont toujours pas repris les entra\u00eenements.<br \/>\u00a0<\/p>\n<p><strong>Publi\u00e9 dans :<\/strong> <span>USMA<\/span> <span>Rabie Meftah<\/span> <span>Ryad Ellafi<\/span><\/p>\n<\/div>\n<p>Auteur:<br \/>\n<a href=\"http:\/\/www.lebuteur.com\/article\/detail?titre=usma-le-premier-stage-debute-ce-dimanche-celui-du-portugal-risque-detre-annule&#038;id=90252&#038;utm_source=feedburner&#038;utm_medium=feed&#038;utm_campaign=Feed%3A+GalerieFArtciles+%28Les+derniers+articles++-+lebuteur.com%29\">Cliquez ici pour lire l&rsquo;article depuis sa source.<\/a><\/p>\n","protected":false},"excerpt":{"rendered":"<p>Auteur : Adel Cheraki jeudi 11 juillet 2019 11:26 Apr\u00e8s le premier stage qui aura lieu \u00e0 Alger la semaine prochaine, les champions de l\u2019exercice sortant enchaineront avec un autre mais cette fois-ci c\u2019est \u00e0 l\u2019\u00e9tranger qu\u2019il se d\u00e9roulera. Il devrait \u00eatre entam\u00e9 le 26 du mois actuel et ne se terminera que le\u00a0 9 [&hellip;]<\/p>\n","protected":false},"author":1738,"featured_media":45641,"comment_status":"closed","ping_status":"closed","sticky":false,"template":"","format":"standard","meta":{"fifu_image_url":"","fifu_image_alt":"","footnotes":""},"categories":[53,75],"tags":[],"class_list":["post-45640","post","type-post","status-publish","format-standard","has-post-thumbnail","hentry","category-algerie","category-sport"],"_links":{"self":[{"href":"https:\/\/linitiative.ca\/International\/wp-json\/wp\/v2\/posts\/45640","targetHints":{"allow":["GET"]}}],"collection":[{"href":"https:\/\/linitiative.ca\/International\/wp-json\/wp\/v2\/posts"}],"about":[{"href":"https:\/\/linitiative.ca\/International\/wp-json\/wp\/v2\/types\/post"}],"author":[{"embeddable":true,"href":"https:\/\/linitiative.ca\/International\/wp-json\/wp\/v2\/users\/1738"}],"replies":[{"embeddable":true,"href":"https:\/\/linitiative.ca\/International\/wp-json\/wp\/v2\/comments?post=45640"}],"version-history":[{"count":0,"href":"https:\/\/linitiative.ca\/International\/wp-json\/wp\/v2\/posts\/45640\/revisions"}],"wp:featuredmedia":[{"embeddable":true,"href":"https:\/\/linitiative.ca\/International\/wp-json\/"}],"wp:attachment":[{"href":"https:\/\/linitiative.ca\/International\/wp-json\/wp\/v2\/media?parent=45640"}],"wp:term":[{"taxonomy":"category","embeddable":true,"href":"https:\/\/linitiative.ca\/International\/wp-json\/wp\/v2\/categories?post=45640"},{"taxonomy":"post_tag","embeddable":true,"href":"https:\/\/linitiative.ca\/International\/wp-json\/wp\/v2\/tags?post=45640"}],"curies":[{"name":"wp","href":"https:\/\/api.w.org\/{rel}","templated":true}]}}