{"id":45644,"date":"2019-07-11T15:14:19","date_gmt":"2019-07-11T19:14:19","guid":{"rendered":"https:\/\/linitiative.ca\/International\/equipe-dalgerie-can-2019-les-verts-affronteront-le-nigeria-en-demi-finale\/"},"modified":"2019-07-11T15:14:19","modified_gmt":"2019-07-11T19:14:19","slug":"equipe-dalgerie-can-2019-les-verts-affronteront-le-nigeria-en-demi-finale","status":"publish","type":"post","link":"https:\/\/linitiative.ca\/International\/equipe-dalgerie-can-2019-les-verts-affronteront-le-nigeria-en-demi-finale\/","title":{"rendered":"Equipe d&rsquo;Alg\u00e9rie : CAN 2019: Les Verts affronteront le Nig\u00e9ria en demi-finale"},"content":{"rendered":"<div readability=\"32\">\n<p>Auteur : <span>Riad O.<\/span> <span class=\"time\">jeudi 11 juillet 2019 20:05<\/span><\/p>\n<\/div>\n<div id=\"post_core\" readability=\"36\">\n<p>Les Verts se sont qualifi\u00e9s aujourd\u2019hui pour les demi-finales de la CAN 2019 apr\u00e8s leur succ\u00e8s face \u00e0 la Cote d\u2019Ivoire. En effet, les hommes de Belmadi ont eu le dernier mot face aux El\u00e9phants aux tirs au but (4-3) apr\u00e8s que le match ait termin\u00e9 sur le score de parit\u00e9 d\u2019un but partout. Les Verts affronteront le Nig\u00e9ria ce dimanche en demi-finale de la CAN.<\/p>\n<p><strong>Publi\u00e9 dans :<\/strong> <span>CAN 2019<\/span><\/p>\n<\/div>\n<p>Auteur:<br \/>\n<a href=\"http:\/\/www.lebuteur.com\/article\/detail?titre=can-2019-les-verts-affronteront-le-nigeria-en-demi-finale&#038;id=90274&#038;utm_source=feedburner&#038;utm_medium=feed&#038;utm_campaign=Feed%3A+GalerieFArtciles+%28Les+derniers+articles++-+lebuteur.com%29\">Cliquez ici pour lire l&rsquo;article depuis sa source.<\/a><\/p>\n","protected":false},"excerpt":{"rendered":"<p>Auteur : Riad O. jeudi 11 juillet 2019 20:05 Les Verts se sont qualifi\u00e9s aujourd\u2019hui pour les demi-finales de la CAN 2019 apr\u00e8s leur succ\u00e8s face \u00e0 la Cote d\u2019Ivoire. En effet, les hommes de Belmadi ont eu le dernier mot face aux El\u00e9phants aux tirs au but (4-3) apr\u00e8s que le match ait termin\u00e9 [&hellip;]<\/p>\n","protected":false},"author":1738,"featured_media":45645,"comment_status":"closed","ping_status":"closed","sticky":false,"template":"","format":"standard","meta":{"fifu_image_url":"","fifu_image_alt":"","footnotes":""},"categories":[53,75],"tags":[],"class_list":["post-45644","post","type-post","status-publish","format-standard","has-post-thumbnail","hentry","category-algerie","category-sport"],"_links":{"self":[{"href":"https:\/\/linitiative.ca\/International\/wp-json\/wp\/v2\/posts\/45644","targetHints":{"allow":["GET"]}}],"collection":[{"href":"https:\/\/linitiative.ca\/International\/wp-json\/wp\/v2\/posts"}],"about":[{"href":"https:\/\/linitiative.ca\/International\/wp-json\/wp\/v2\/types\/post"}],"author":[{"embeddable":true,"href":"https:\/\/linitiative.ca\/International\/wp-json\/wp\/v2\/users\/1738"}],"replies":[{"embeddable":true,"href":"https:\/\/linitiative.ca\/International\/wp-json\/wp\/v2\/comments?post=45644"}],"version-history":[{"count":0,"href":"https:\/\/linitiative.ca\/International\/wp-json\/wp\/v2\/posts\/45644\/revisions"}],"wp:featuredmedia":[{"embeddable":true,"href":"https:\/\/linitiative.ca\/International\/wp-json\/"}],"wp:attachment":[{"href":"https:\/\/linitiative.ca\/International\/wp-json\/wp\/v2\/media?parent=45644"}],"wp:term":[{"taxonomy":"category","embeddable":true,"href":"https:\/\/linitiative.ca\/International\/wp-json\/wp\/v2\/categories?post=45644"},{"taxonomy":"post_tag","embeddable":true,"href":"https:\/\/linitiative.ca\/International\/wp-json\/wp\/v2\/tags?post=45644"}],"curies":[{"name":"wp","href":"https:\/\/api.w.org\/{rel}","templated":true}]}}