{"id":45646,"date":"2019-07-10T19:00:00","date_gmt":"2019-07-10T23:00:00","guid":{"rendered":"https:\/\/linitiative.ca\/International\/respect-des-solutions-constitutionnelles-epargner-au-pays-les-effets-du-prolongement-de-la-crise\/"},"modified":"2019-07-10T19:00:00","modified_gmt":"2019-07-10T23:00:00","slug":"respect-des-solutions-constitutionnelles-epargner-au-pays-les-effets-du-prolongement-de-la-crise","status":"publish","type":"post","link":"https:\/\/linitiative.ca\/International\/respect-des-solutions-constitutionnelles-epargner-au-pays-les-effets-du-prolongement-de-la-crise\/","title":{"rendered":"Respect des solutions constitutionnelles : \u00e9pargner au pays les effets du prolongement de la crise"},"content":{"rendered":"<p><strong>S\u2019il est un fait incontestable, actuellement, c\u2019est que l\u2019ensemble des intervenants sur la sc\u00e8ne nationale, les \u00e9lites intellectuelles,<br \/>\u00a0de m\u00eame que la classe politique et la soci\u00e9t\u00e9 civile sont unanimes quant \u00e0 l\u2019importance du dialogue, la concertation et la recherche du consensus, pour trouver des solutions et sortir de l\u2019impasse due \u00e0 la crise politique qui s\u2019\u00e9ternise depuis un certain temps d\u00e9j\u00e0.<\/strong><\/p>\n<p>A cet effet, tous les segments de la soci\u00e9t\u00e9 sont appel\u00e9s \u00e0 participer et \u00e0 promouvoir l\u2019id\u00e9e du dialogue. Et c\u2018est dans cette perspective que s\u2019est inscrit le secteur des Affaires religieuses. Avec plus de 17.000 mosqu\u00e9es sur le territoire national, les imams montent au cr\u00e9neau, pour dire qu\u2019ils sont partie prenante dans la promotion de l\u2019id\u00e9e du dialogue.<br \/>\u00abNotre r\u00f4le n\u2019est pas de faire de la politique, mais le devoir national nous oblige \u00e0 parler de sujets qui int\u00e9ressent la nation\u00bb, a d\u00e9clar\u00e9 dans cette optique, le ministre des Affaires religieuses et des Waqfs, Youcef Belmahdi, pour indiquer que son d\u00e9partement a demand\u00e9 aux imams de consacrer la pr\u00eache de vendredi prochain \u00e0 la promotion de la culture du dialogue, de la r\u00e9conciliation.<br \/>Le ministre a expliqu\u00e9 que \u00able r\u00f4le de la mosqu\u00e9e n\u2019est pas de faire de la politique, mais que le devoir national oblige \u00e0 parler de sujets qui int\u00e9ressent la nation\u00bb. L\u2019explication du ministre vient \u00e9clairer le fait que \u00able r\u00f4le des imams consiste \u00e0 proposer aux fid\u00e8les une lecture mod\u00e9r\u00e9e coh\u00e9rente, apais\u00e9e, contextualis\u00e9e et impr\u00e9gn\u00e9e de spiritualit\u00e9 de la situation v\u00e9cue\u00bb.<br \/>Le ministre ajoute qu\u2019il est important que les imams \u0153uvrent \u00e0 donner aux citoyens des rep\u00e8res pour mieux vivre, et ainsi, \u00ables aider \u00e0 prendre conscience de leurs responsabilit\u00e9s pour pr\u00e9server la stabilit\u00e9 de leur pays\u00bb. Par ailleurs, il note que le secteur des affaires religieuses a toujours fait dans l\u2019approche intersectorielle, quand il s\u2019agit de d\u00e9fendre les int\u00e9r\u00eats supr\u00eames de la Nation. \u00abNos imams ont de tout temps appel\u00e9 au dialogue et \u00e0 la r\u00e9conciliation dans leurs pr\u00eaches. Ils n\u2019attendent pas de directives pour contribuer \u00e0 la promotion de la culture de la paix et la pr\u00e9servation de la stabilit\u00e9\u00bb, a rappel\u00e9 le ministre, tout en insistant sur \u00able dialogue inclusif, en cette p\u00e9riode caract\u00e9ris\u00e9 par un blocage politique de plus en plus pr\u00e9sent. Il est bon de mettre en exergue, que les animateurs du dialogue national ont insist\u00e9 sur le fait que forum organis\u00e9 samedi dernier, n\u2019est que la premi\u00e8re \u00e9tape, et qu\u2019\u00abil reste aujourd\u2019hui la possibilit\u00e9 d\u2019\u00e9largir ce que nous avons fait aux autres forces politiques.<br \/>C\u2019est ce que nous envisagerons de faire avec la prochaine \u00e9tape\u00bb, a estim\u00e9, il y a quelques jours le coordonnateur pour la gestion de la conf\u00e9rence nationale de dialogue, Abdelaziz Rahabi. Les prochaines consultations tenteront d\u2019avoir \u00abune approche commune et consensuelle de l\u2019ensemble des repr\u00e9sentants de l\u2019opposition et de la soci\u00e9t\u00e9 civile pour sortir de la crise. Nous n\u2019attendons pas que les propositions du pouvoir nous sortent de la crise. Il s\u2019agit d\u2019un effort national de sortie de crise, il y a urgence \u00e0 trouver un accord politique global\u00bb, a-t-il ajout\u00e9. Les propositions \u00e9manant de cette conf\u00e9rence seront soumises aux pouvoirs publics, ainsi qu&rsquo;aux \u00e9lites et aux autres forces politiques pour pouvoir trouver des convergences entre toutes les offres de dialogue faites jusque-l\u00e0, dont l\u2019unique objectif est d\u2019\u00e9pargner le pays des effets du prolongement de la crise politique.<br \/>Le forum a permis de rassembler, selon les organisateurs, plus de 700 participants au nom des formations politiques, des syndicats autonomes, des associations de la soci\u00e9t\u00e9 civile de divers horizons et secteurs, des personnalit\u00e9s et des acad\u00e9miciens, des jeunes activistes du mouvement, et des \u00e9tudiants. L\u2019objectif \u00e9tant de permettre au dialogue de s\u2019installer entre les diff\u00e9rents courants politiques de l\u2019opposition et de contribuer \u00e0 faire avancer le d\u00e9bat sur toutes les solutions possibles pour sortir notre pays de la crise politique actuelle. En somme, les forces politiques doivent s&rsquo;entraider, car il n&rsquo;y a pas d&rsquo;autre alternative que de s\u2019asseoir autour de la table de dialogue.\u00a0\u00a0 \u00a0<br \/><strong>\u00a0\u00a0 \u00a0Tahar Ka\u00efdi<\/strong><br \/>\u00a0<\/p>\n<p>Auteur: elmoudjahid<br \/>\n<a href=\"http:\/\/www.elmoudjahid.com\/fr\/actualites\/139167\">Cliquez ici pour lire l&rsquo;article depuis sa source.<\/a><\/p>\n","protected":false},"excerpt":{"rendered":"<p>S\u2019il est un fait incontestable, actuellement, c\u2019est que l\u2019ensemble des intervenants sur la sc\u00e8ne nationale, les \u00e9lites intellectuelles,\u00a0de m\u00eame que la classe politique et la soci\u00e9t\u00e9 civile sont unanimes quant \u00e0 l\u2019importance du dialogue, la concertation et la recherche du consensus, pour trouver des solutions et sortir de l\u2019impasse due \u00e0 la crise politique qui [&hellip;]<\/p>\n","protected":false},"author":1744,"featured_media":0,"comment_status":"closed","ping_status":"closed","sticky":false,"template":"","format":"standard","meta":{"fifu_image_url":"","fifu_image_alt":"","footnotes":""},"categories":[73,53],"tags":[],"class_list":["post-45646","post","type-post","status-publish","format-standard","hentry","category-actualite","category-algerie"],"_links":{"self":[{"href":"https:\/\/linitiative.ca\/International\/wp-json\/wp\/v2\/posts\/45646","targetHints":{"allow":["GET"]}}],"collection":[{"href":"https:\/\/linitiative.ca\/International\/wp-json\/wp\/v2\/posts"}],"about":[{"href":"https:\/\/linitiative.ca\/International\/wp-json\/wp\/v2\/types\/post"}],"author":[{"embeddable":true,"href":"https:\/\/linitiative.ca\/International\/wp-json\/wp\/v2\/users\/1744"}],"replies":[{"embeddable":true,"href":"https:\/\/linitiative.ca\/International\/wp-json\/wp\/v2\/comments?post=45646"}],"version-history":[{"count":0,"href":"https:\/\/linitiative.ca\/International\/wp-json\/wp\/v2\/posts\/45646\/revisions"}],"wp:attachment":[{"href":"https:\/\/linitiative.ca\/International\/wp-json\/wp\/v2\/media?parent=45646"}],"wp:term":[{"taxonomy":"category","embeddable":true,"href":"https:\/\/linitiative.ca\/International\/wp-json\/wp\/v2\/categories?post=45646"},{"taxonomy":"post_tag","embeddable":true,"href":"https:\/\/linitiative.ca\/International\/wp-json\/wp\/v2\/tags?post=45646"}],"curies":[{"name":"wp","href":"https:\/\/api.w.org\/{rel}","templated":true}]}}