{"id":45647,"date":"2019-07-10T19:00:00","date_gmt":"2019-07-10T23:00:00","guid":{"rendered":"https:\/\/linitiative.ca\/International\/election-du-nouveau-president-de-lapn-les-partis-en-concertation\/"},"modified":"2019-07-10T19:00:00","modified_gmt":"2019-07-10T23:00:00","slug":"election-du-nouveau-president-de-lapn-les-partis-en-concertation","status":"publish","type":"post","link":"https:\/\/linitiative.ca\/International\/election-du-nouveau-president-de-lapn-les-partis-en-concertation\/","title":{"rendered":"Election du nouveau pr\u00e9sident de l\u2019APN  :  Les partis en concertation"},"content":{"rendered":"<p>Les partis repr\u00e9sent\u00e9s \u00e0 l&rsquo;Assembl\u00e9e populaire nationale (APN) ont tenu des r\u00e9unions de concertation en pr\u00e9vision de l&rsquo;\u00e9lection d&rsquo;un nouveau pr\u00e9sident de la chambre basse en remplacement de Mouad Bouchareb, qui a d\u00e9missionn\u00e9 r\u00e9cemment. Plusieurs groupes parlementaires de formations politiques repr\u00e9sent\u00e9es \u00e0 l&rsquo;APN ont apport\u00e9 leur soutien \u00e0 la candidature du d\u00e9put\u00e9 Slimane Chenine de l&rsquo;Union Ennahda-Adala-Bina en attendant la d\u00e9cision des d\u00e9put\u00e9s du parti du Front de lib\u00e9ration nationale (FLN).<br \/>A ce propos, le d\u00e9put\u00e9 du Front El Moustakbel, Hadj Belghouti, a fait \u00e9tat d&rsquo;un \u00abconsensus\u00bb lors d&rsquo;une r\u00e9union ayant regroup\u00e9 outre son parti, le Rassemblement national d\u00e9mocratique (RND), Tajamou Amel El-Djaza\u00efr (TAJ), le Mouvement populaire alg\u00e9rien (MPA) et l&rsquo;Union Ennahda-Adala-Bina, autour de la personne de Slimane Chenine pour la pr\u00e9sidence de l&rsquo;APN, \u00aben tant que personnalit\u00e9 mod\u00e9r\u00e9e appartenant \u00e0 un parti mod\u00e9r\u00e9 pour diriger la prochaine \u00e9tape\u00bb. Pour sa part, \u00able RND a renonc\u00e9 \u00e0 pr\u00e9sent\u00e9 un candidat et a d\u00e9cid\u00e9 d&rsquo;apporter son soutien au d\u00e9put\u00e9 Slimane Chenine\u00bb, a d\u00e9clar\u00e9 le pr\u00e9sident de son groupe parlementaire \u00e0 l&rsquo;APN, Fouad Benmerabet, ajoutant que cette position vise \u00e0 \u00abasseoir les fondements du dialogue et rapprocher les vues entre acteurs politiques en vue de sortir de la crise et d&rsquo;aller, dans les plus brefs d\u00e9lais, vers une pr\u00e9sidentielle r\u00e9guli\u00e8re et transparente, tout en respectant les principes de la Constitution\u00bb. Il a appel\u00e9, dans ce sens, \u00e0 \u00abpasser d&rsquo;une gestion unilat\u00e9rale \u00e0 une v\u00e9ritable gestion consensuelle et collective\u00bb. De son c\u00f4t\u00e9, le d\u00e9put\u00e9 Lakhder Benkhellaf de l&rsquo;Union Ennahda-Adala-Bina s&rsquo;est f\u00e9licit\u00e9 des r\u00e9sultats de cette r\u00e9union et du choix \u00abd&rsquo;un pr\u00e9sident de l&rsquo;opposition et du courant islamique national, une premi\u00e8re dans l&rsquo;histoire du Parlement alg\u00e9rien\u00bb, a-t-il dit. Il a estim\u00e9, en outre, que \u00abl&rsquo;int\u00e9r\u00eat du pays exige de choisir des personnes qui ne sont pas impliqu\u00e9s dans la corruption et qui n&rsquo;ont pas particip\u00e9 \u00e0 la gestion des institutions de l&rsquo;Etat. Pour sa part, le pr\u00e9sident du groupe parlementaire du MPA, Cheikh Barbara, a indiqu\u00e9 qu&rsquo;il a \u00e9t\u00e9 convenu avec nombre de groupes parlementaires \u00e0 savoir le FLN, le RND, TAJ et Al-Moustakbal, que le prochain pr\u00e9sident \u00abne doit pas \u00eatre impliqu\u00e9 dans des affaires de corruption et ne doit pas avoir occup\u00e9, auparavant, des postes de responsabilit\u00e9\u00bb, des qualit\u00e9s dont jouit le candidat Slimane Chenine, a-t-il soutenu. En revanche, le groupe parlementaire du MSP a d\u00e9cid\u00e9 de boycotter cette s\u00e9ance, estimant, par la voix de son pr\u00e9sident Ahmed Sadouk, qu&rsquo;il n&rsquo;est pas concern\u00e9 par cette question. Par ailleurs, le groupe parlementaire du FLN qui n&rsquo;a pas encore tranch\u00e9 la question de la candidature et une s\u00e9ance de travail \u00e0 huis clos s\u2019est tenue avec son SG, Mohamed Djema\u00ef.<\/p>\n<p>Auteur: elmoudjahid<br \/>\n<a href=\"http:\/\/www.elmoudjahid.com\/fr\/actualites\/139168\">Cliquez ici pour lire l&rsquo;article depuis sa source.<\/a><\/p>\n","protected":false},"excerpt":{"rendered":"<p>Les partis repr\u00e9sent\u00e9s \u00e0 l&rsquo;Assembl\u00e9e populaire nationale (APN) ont tenu des r\u00e9unions de concertation en pr\u00e9vision de l&rsquo;\u00e9lection d&rsquo;un nouveau pr\u00e9sident de la chambre basse en remplacement de Mouad Bouchareb, qui a d\u00e9missionn\u00e9 r\u00e9cemment. Plusieurs groupes parlementaires de formations politiques repr\u00e9sent\u00e9es \u00e0 l&rsquo;APN ont apport\u00e9 leur soutien \u00e0 la candidature du d\u00e9put\u00e9 Slimane Chenine de [&hellip;]<\/p>\n","protected":false},"author":1744,"featured_media":0,"comment_status":"closed","ping_status":"closed","sticky":false,"template":"","format":"standard","meta":{"fifu_image_url":"","fifu_image_alt":"","footnotes":""},"categories":[73,53],"tags":[],"class_list":["post-45647","post","type-post","status-publish","format-standard","hentry","category-actualite","category-algerie"],"_links":{"self":[{"href":"https:\/\/linitiative.ca\/International\/wp-json\/wp\/v2\/posts\/45647","targetHints":{"allow":["GET"]}}],"collection":[{"href":"https:\/\/linitiative.ca\/International\/wp-json\/wp\/v2\/posts"}],"about":[{"href":"https:\/\/linitiative.ca\/International\/wp-json\/wp\/v2\/types\/post"}],"author":[{"embeddable":true,"href":"https:\/\/linitiative.ca\/International\/wp-json\/wp\/v2\/users\/1744"}],"replies":[{"embeddable":true,"href":"https:\/\/linitiative.ca\/International\/wp-json\/wp\/v2\/comments?post=45647"}],"version-history":[{"count":0,"href":"https:\/\/linitiative.ca\/International\/wp-json\/wp\/v2\/posts\/45647\/revisions"}],"wp:attachment":[{"href":"https:\/\/linitiative.ca\/International\/wp-json\/wp\/v2\/media?parent=45647"}],"wp:term":[{"taxonomy":"category","embeddable":true,"href":"https:\/\/linitiative.ca\/International\/wp-json\/wp\/v2\/categories?post=45647"},{"taxonomy":"post_tag","embeddable":true,"href":"https:\/\/linitiative.ca\/International\/wp-json\/wp\/v2\/tags?post=45647"}],"curies":[{"name":"wp","href":"https:\/\/api.w.org\/{rel}","templated":true}]}}