{"id":45648,"date":"2019-07-10T19:00:00","date_gmt":"2019-07-10T23:00:00","guid":{"rendered":"https:\/\/linitiative.ca\/International\/msp-revenir-au-processus-constitutionnel\/"},"modified":"2019-07-10T19:00:00","modified_gmt":"2019-07-10T23:00:00","slug":"msp-revenir-au-processus-constitutionnel","status":"publish","type":"post","link":"https:\/\/linitiative.ca\/International\/msp-revenir-au-processus-constitutionnel\/","title":{"rendered":"MSP  :  revenir au processus  constitutionnel"},"content":{"rendered":"<p>Le pr\u00e9sident du Mouvement de la soci\u00e9t\u00e9 pour la paix (MSP), Abderrezak Makri, a plaid\u00e9 hier \u00e0 Alger pour la concr\u00e9tisation du \u00abconsensus national\u00bb et l&rsquo;organisation d&rsquo;une Pr\u00e9sidentielle \u00abafin de revenir au processus constitutionnel\u00bb. Animant une conf\u00e9rence de presse au si\u00e8ge de son parti sur la conjoncture politique, M. Makri a affirm\u00e9 que \u00abla situation socio-\u00e9conomique, politique et internationale exige un consensus lors de la prochaine Pr\u00e9sidentielle au service de l&rsquo;Alg\u00e9rie, \u00e0 travers une entente entre l&rsquo;opposition et le pouvoir sur la personnalit\u00e9 qui assumera un mandat pr\u00e9sidentiel afin de consolider la d\u00e9mocratie \u00e0 travers une r\u00e9vision profonde de la Constitution avec la participation de tous les acteurs\u00bb. Soulignant la n\u00e9cessit\u00e9 de concr\u00e9tiser des alliances au sein de la classe politique concernant l&rsquo;\u00e9lection pr\u00e9sidentielle\u00bb, le pr\u00e9sident du MSP a fait savoir que \u00abfaute d&rsquo;un consensus, son parti est pr\u00eat \u00e0 entrer en lice \u00e0 titre individuel, si ses instances choisissent cette option\u00bb. Pour M. Makri, la situation actuelle \u00abrequiert une coop\u00e9ration collective pour revenir au processus constitutionnel \u00e0 travers l&rsquo;organisation d&rsquo;une \u00e9lection pr\u00e9sidentielle\u00bb. Il a rappel\u00e9, \u00e0 ce propos, la proposition du MSP pour \u00abune d\u00e9mission de l&rsquo;actuel pr\u00e9sident du Conseil constitutionnel et la d\u00e9signation d&rsquo;une autre personnalit\u00e9 consensuelle pour assurer les fonctions de chef de l&rsquo;Etat, une fois que M. Bensalah aura pr\u00e9sent\u00e9 sa d\u00e9mission\u00bb. Concernant la position du MSP quant au dialogue avec les autorit\u00e9s, M. Makri a expliqu\u00e9 que son parti \u00abattend que les choses soient plus claires\u00bb tout en valorisant \u00abcertains \u00e9l\u00e9ments favorables pour un dialogue, \u00e0 l&rsquo;instar de la non-annonce de la date de la Pr\u00e9sidentielle\u00bb. Par ailleurs, M. Makri a salu\u00e9 les r\u00e9sultats du forum du dialogue national organis\u00e9 r\u00e9cemment, le qualifiant de \u00abpas pour l&rsquo;opposition de montrer sa bonne foi pour le dialogue et sa vision commune\u00bb, estimant que la plate-forme issu de cette rencontre \u00abconstitue en soit une grande r\u00e9alisation en termes de timing et de contenu\u00bb.<\/p>\n<p>Auteur: elmoudjahid<br \/>\n<a href=\"http:\/\/www.elmoudjahid.com\/fr\/actualites\/139169\">Cliquez ici pour lire l&rsquo;article depuis sa source.<\/a><\/p>\n","protected":false},"excerpt":{"rendered":"<p>Le pr\u00e9sident du Mouvement de la soci\u00e9t\u00e9 pour la paix (MSP), Abderrezak Makri, a plaid\u00e9 hier \u00e0 Alger pour la concr\u00e9tisation du \u00abconsensus national\u00bb et l&rsquo;organisation d&rsquo;une Pr\u00e9sidentielle \u00abafin de revenir au processus constitutionnel\u00bb. Animant une conf\u00e9rence de presse au si\u00e8ge de son parti sur la conjoncture politique, M. Makri a affirm\u00e9 que \u00abla situation [&hellip;]<\/p>\n","protected":false},"author":1744,"featured_media":0,"comment_status":"closed","ping_status":"closed","sticky":false,"template":"","format":"standard","meta":{"fifu_image_url":"","fifu_image_alt":"","footnotes":""},"categories":[73,53],"tags":[],"class_list":["post-45648","post","type-post","status-publish","format-standard","hentry","category-actualite","category-algerie"],"_links":{"self":[{"href":"https:\/\/linitiative.ca\/International\/wp-json\/wp\/v2\/posts\/45648","targetHints":{"allow":["GET"]}}],"collection":[{"href":"https:\/\/linitiative.ca\/International\/wp-json\/wp\/v2\/posts"}],"about":[{"href":"https:\/\/linitiative.ca\/International\/wp-json\/wp\/v2\/types\/post"}],"author":[{"embeddable":true,"href":"https:\/\/linitiative.ca\/International\/wp-json\/wp\/v2\/users\/1744"}],"replies":[{"embeddable":true,"href":"https:\/\/linitiative.ca\/International\/wp-json\/wp\/v2\/comments?post=45648"}],"version-history":[{"count":0,"href":"https:\/\/linitiative.ca\/International\/wp-json\/wp\/v2\/posts\/45648\/revisions"}],"wp:attachment":[{"href":"https:\/\/linitiative.ca\/International\/wp-json\/wp\/v2\/media?parent=45648"}],"wp:term":[{"taxonomy":"category","embeddable":true,"href":"https:\/\/linitiative.ca\/International\/wp-json\/wp\/v2\/categories?post=45648"},{"taxonomy":"post_tag","embeddable":true,"href":"https:\/\/linitiative.ca\/International\/wp-json\/wp\/v2\/tags?post=45648"}],"curies":[{"name":"wp","href":"https:\/\/api.w.org\/{rel}","templated":true}]}}