{"id":45655,"date":"2019-07-10T18:45:00","date_gmt":"2019-07-10T22:45:00","guid":{"rendered":"https:\/\/linitiative.ca\/International\/apn-slimane-chenine-nouveau-president\/"},"modified":"2019-07-10T18:45:00","modified_gmt":"2019-07-10T22:45:00","slug":"apn-slimane-chenine-nouveau-president","status":"publish","type":"post","link":"https:\/\/linitiative.ca\/International\/apn-slimane-chenine-nouveau-president\/","title":{"rendered":"APN : Slimane Chenine nouveau pr\u00e9sident"},"content":{"rendered":"<p class=\"MsoNormal\">\u00a0<\/p>\n<p class=\"MsoNormal\">Slimane Chenine a \u00e9t\u00e9 pl\u00e9biscit\u00e9 mercredi soir,<span class=\"c6\">\u00a0<\/span> \u00e0 la majorit\u00e9, \u00e0 la t\u00eate de l&rsquo;Assembl\u00e9e populaire nationale en remplacement<span class=\"c6\">\u00a0<\/span> de Mouad Bouchareb qui a d\u00e9missionn\u00e9 de son poste le 2 juillet en cours.<\/p>\n<p class=\"MsoNormal\">M. Chenine a \u00e9t\u00e9 pl\u00e9biscit\u00e9 \u00e0 mains lev\u00e9es lors d&rsquo;une pl\u00e9ni\u00e8re pr\u00e9sid\u00e9e<span class=\"c6\">\u00a0<\/span> par Abderrezak Terbeche, pr\u00e9sident de l&rsquo;APN par int\u00e9rim. 66 procurations de<span class=\"c6\">\u00a0<\/span> vote ont \u00e9t\u00e9 enregistr\u00e9es.<\/p>\n<p class=\"MsoNormal\">Dans son allocution prononc\u00e9e apr\u00e8s le pl\u00e9biscite, M. Chenine a d\u00e9clar\u00e9<span class=\"c6\">\u00a0<\/span> que par ce vote \u00ab\u00a0l&rsquo;opinion publique nationale retiendra que la majorit\u00e9<span class=\"c6\">\u00a0<\/span> peut accorder \u00e0 la minorit\u00e9 la pr\u00e9sidence de l&rsquo;APN\u00a0\u00bb, soulignant que cette<span class=\"c6\">\u00a0<\/span> s\u00e9ance intervient \u00ab\u00a0dans une conjoncture sensible que traverse l&rsquo;Alg\u00e9rie\u00a0\u00bb.<span class=\"c6\">\u00a0\u00a0<\/span><\/p>\n<p class=\"MsoNormal\">\u00ab\u00a0Vous avez apport\u00e9 une nouvelle approche concernant la crise que vit notre<span class=\"c6\">\u00a0<\/span> pays\u00a0\u00bb, a-t-il ajout\u00e9 rappelant \u00ab\u00a0le soutien de la Chambre basse au mouvement<span class=\"c6\">\u00a0<\/span> populaire ainsi que son soutien et sa fiert\u00e9 \u00e0 l&rsquo;\u00e9gard de l&rsquo;Arm\u00e9e nationale<span class=\"c6\">\u00a0<\/span> populaire (ANP) et son Commandement, notamment les derni\u00e8res d\u00e9clarations<span class=\"c6\">\u00a0<\/span> du g\u00e9n\u00e9ral de corps d&rsquo;Arm\u00e9e, Ahmed Ga\u00efd Salah, vice-ministre de la D\u00e9fense<span class=\"c6\">\u00a0<\/span> nationale, chef d&rsquo;Etat-major de l&rsquo;ANP relatives \u00e0 la lutte contre la<span class=\"c6\">\u00a0<\/span> corruption\u00a0\u00bb.<\/p>\n<p class=\"MsoNormal\">Le nouveau pr\u00e9sident de l&rsquo;APN a saisi cette occasion pour exprimer sa<span class=\"c6\">\u00a0<\/span> gratitude aux partis pour la confiance plac\u00e9e en sa personne, lesquels<span class=\"c6\">\u00a0<\/span> l&rsquo;ont pl\u00e9biscit\u00e9 lors de cette \u00ab\u00a0s\u00e9ance historique\u00a0\u00bb, exprimant, \u00e9galement<span class=\"c6\">\u00a0<\/span> ses remerciements aux groupes parlementaires pour leur adoption du concept<span class=\"c6\">\u00a0<\/span> \u00ab\u00a0consensus et action commune\u00a0\u00bb.<\/p>\n<p class=\"MsoNormal\">APS<\/p>\n<p>Auteur: elmoudjahid<br \/>\n<a href=\"http:\/\/www.elmoudjahid.com\/fr\/actualites\/139176\">Cliquez ici pour lire l&rsquo;article depuis sa source.<\/a><\/p>\n","protected":false},"excerpt":{"rendered":"<p>\u00a0 Slimane Chenine a \u00e9t\u00e9 pl\u00e9biscit\u00e9 mercredi soir,\u00a0 \u00e0 la majorit\u00e9, \u00e0 la t\u00eate de l&rsquo;Assembl\u00e9e populaire nationale en remplacement\u00a0 de Mouad Bouchareb qui a d\u00e9missionn\u00e9 de son poste le 2 juillet en cours. M. Chenine a \u00e9t\u00e9 pl\u00e9biscit\u00e9 \u00e0 mains lev\u00e9es lors d&rsquo;une pl\u00e9ni\u00e8re pr\u00e9sid\u00e9e\u00a0 par Abderrezak Terbeche, pr\u00e9sident de l&rsquo;APN par int\u00e9rim. 66 [&hellip;]<\/p>\n","protected":false},"author":1744,"featured_media":0,"comment_status":"closed","ping_status":"closed","sticky":false,"template":"","format":"standard","meta":{"fifu_image_url":"","fifu_image_alt":"","footnotes":""},"categories":[73,53],"tags":[],"class_list":["post-45655","post","type-post","status-publish","format-standard","hentry","category-actualite","category-algerie"],"_links":{"self":[{"href":"https:\/\/linitiative.ca\/International\/wp-json\/wp\/v2\/posts\/45655","targetHints":{"allow":["GET"]}}],"collection":[{"href":"https:\/\/linitiative.ca\/International\/wp-json\/wp\/v2\/posts"}],"about":[{"href":"https:\/\/linitiative.ca\/International\/wp-json\/wp\/v2\/types\/post"}],"author":[{"embeddable":true,"href":"https:\/\/linitiative.ca\/International\/wp-json\/wp\/v2\/users\/1744"}],"replies":[{"embeddable":true,"href":"https:\/\/linitiative.ca\/International\/wp-json\/wp\/v2\/comments?post=45655"}],"version-history":[{"count":0,"href":"https:\/\/linitiative.ca\/International\/wp-json\/wp\/v2\/posts\/45655\/revisions"}],"wp:attachment":[{"href":"https:\/\/linitiative.ca\/International\/wp-json\/wp\/v2\/media?parent=45655"}],"wp:term":[{"taxonomy":"category","embeddable":true,"href":"https:\/\/linitiative.ca\/International\/wp-json\/wp\/v2\/categories?post=45655"},{"taxonomy":"post_tag","embeddable":true,"href":"https:\/\/linitiative.ca\/International\/wp-json\/wp\/v2\/tags?post=45655"}],"curies":[{"name":"wp","href":"https:\/\/api.w.org\/{rel}","templated":true}]}}