{"id":45663,"date":"2019-07-11T10:37:58","date_gmt":"2019-07-11T14:37:58","guid":{"rendered":"https:\/\/linitiative.ca\/International\/91775-universiades-2019-athletisme-800m-belbachir-et-cherad-en-demi-finale\/"},"modified":"2019-07-11T10:37:58","modified_gmt":"2019-07-11T14:37:58","slug":"91775-universiades-2019-athletisme-800m-belbachir-et-cherad-en-demi-finale","status":"publish","type":"post","link":"https:\/\/linitiative.ca\/International\/91775-universiades-2019-athletisme-800m-belbachir-et-cherad-en-demi-finale\/","title":{"rendered":"Universiades-2019\/Athl\u00e9tisme (800m): Belbachir et Cherad en demi-finale"},"content":{"rendered":"<div>\n<div class=\"K2FeedImage\"><img decoding=\"async\" src=\"http:\/\/www.aps.dz\/media\/k2\/items\/cache\/8520ec6733326d498e15d928a221e58a_S.jpg\" alt=\"Universiades-2019\/Athl\u00e9tisme (800m): Belbachir et Cherad en demi-finale\"><\/div>\n<div class=\"K2FeedIntroText\">\n<p>\u00a0<\/p>\n<p><strong>ROME &#8211; Les Alg\u00e9riens Mohamed Belbachir et Oussama Cherrad se sont qualifi\u00e9s, jeudi pour les demi-finales du 800m, comptant pour les Jeux mondiaux universitaires qui se d\u00e9roulent \u00e0 Naples en Italie, avec la participation de plus d&rsquo;une quarantaine de pays dans 15 disciplines.<\/strong><\/p>\n<\/div>\n<div class=\"K2FeedFullText\">\n<p>Engag\u00e9 dans la 2e s\u00e9rie, Mohamed Belbachir a pris la premi\u00e8re place en 1:50.27, devan\u00e7ant Lukas Hodbod (r\u00e9publique tch\u00e8que) (1:50.51) et l&rsquo;Ougandais Emmanuel Osuje (1:50.72).<\/p>\n<p>Belbachir a r\u00e9alis\u00e9 le 3e meilleur chrono des cinq s\u00e9ries de l&rsquo;\u00e9preuve.<\/p>\n<p>Les deux premiers chronos sont l&rsquo;\u0153uvres du Botswanais Gorata Gabankitse (1:49.98) et du Fran\u00e7ais Aymeric Lusine (1:49.99).<\/p>\n<hr>\n<h3>Lire aussi:\u00a0<a href=\"http:\/\/www.aps.dz\/sport\/91773-universiades-2019-athletisme-1500m-finale-khelil-et-zourkane-terminent-6e-et-7e\" target=\"_blank\" rel=\"noopener noreferrer\">Universiades-2019\/Athl\u00e9tisme (1500m-Finale): Khelil et Zourkane terminent 6e et 7e<\/a><\/h3>\n<hr>\n<p>Le fait marquant de la s\u00e9rie de Belbachir est que les sept athl\u00e8tes align\u00e9s ont r\u00e9ussi, avec les chronos r\u00e9alis\u00e9s, \u00e0 passer aux demi-finales (les 4 premiers selon le r\u00e8glement, en plus de trois aux meilleurs temps).<\/p>\n<p>De son c\u00f4t\u00e9, Oussama Cherrad a pris la seconde place dans la 4e s\u00e9rie en 1:51.61 (14e meilleur temps des qualifications), devant l&rsquo;Italien Enrico Riccobon (1:51.84) et derri\u00e8re le Marocain Moad Zahafi (1:50.70).<\/p>\n<p>Les demi-finales auront lieu, vendredi \u00e0 19h30 (heure alg\u00e9rienne), et la finale, le samedi \u00e0 la m\u00eame heure.<\/p>\n<p>L&rsquo;Alg\u00e9rie participe aux 30es Jeux mondiaux universitaires en athl\u00e9tisme, judo et taekwondo.<\/p>\n<\/div>\n<p><img loading=\"lazy\" decoding=\"async\" src=\"http:\/\/feeds.feedburner.com\/~r\/aps-sport\/~4\/lAcM0CKZpEE\" height=\"1\" width=\"1\" alt=\"\"><\/div>\n<p>Auteur:<br \/>\n<a href=\"http:\/\/www.aps.dz\/sport\/91775-universiades-2019-athletisme-800m-belbachir-et-cherad-en-demi-finale?utm_source=feedburner&#038;utm_medium=feed&#038;utm_campaign=Feed%3A+aps-sport+%28APS+-+SPORT%29\">Cliquez ici pour lire l&rsquo;article depuis sa source.<\/a><\/p>\n","protected":false},"excerpt":{"rendered":"<p>\u00a0 ROME &#8211; Les Alg\u00e9riens Mohamed Belbachir et Oussama Cherrad se sont qualifi\u00e9s, jeudi pour les demi-finales du 800m, comptant pour les Jeux mondiaux universitaires qui se d\u00e9roulent \u00e0 Naples en Italie, avec la participation de plus d&rsquo;une quarantaine de pays dans 15 disciplines. Engag\u00e9 dans la 2e s\u00e9rie, Mohamed Belbachir a pris la premi\u00e8re [&hellip;]<\/p>\n","protected":false},"author":1790,"featured_media":45664,"comment_status":"closed","ping_status":"closed","sticky":false,"template":"","format":"standard","meta":{"fifu_image_url":"","fifu_image_alt":"","footnotes":""},"categories":[53,75],"tags":[],"class_list":["post-45663","post","type-post","status-publish","format-standard","has-post-thumbnail","hentry","category-algerie","category-sport"],"_links":{"self":[{"href":"https:\/\/linitiative.ca\/International\/wp-json\/wp\/v2\/posts\/45663","targetHints":{"allow":["GET"]}}],"collection":[{"href":"https:\/\/linitiative.ca\/International\/wp-json\/wp\/v2\/posts"}],"about":[{"href":"https:\/\/linitiative.ca\/International\/wp-json\/wp\/v2\/types\/post"}],"author":[{"embeddable":true,"href":"https:\/\/linitiative.ca\/International\/wp-json\/wp\/v2\/users\/1790"}],"replies":[{"embeddable":true,"href":"https:\/\/linitiative.ca\/International\/wp-json\/wp\/v2\/comments?post=45663"}],"version-history":[{"count":0,"href":"https:\/\/linitiative.ca\/International\/wp-json\/wp\/v2\/posts\/45663\/revisions"}],"wp:featuredmedia":[{"embeddable":true,"href":"https:\/\/linitiative.ca\/International\/wp-json\/"}],"wp:attachment":[{"href":"https:\/\/linitiative.ca\/International\/wp-json\/wp\/v2\/media?parent=45663"}],"wp:term":[{"taxonomy":"category","embeddable":true,"href":"https:\/\/linitiative.ca\/International\/wp-json\/wp\/v2\/categories?post=45663"},{"taxonomy":"post_tag","embeddable":true,"href":"https:\/\/linitiative.ca\/International\/wp-json\/wp\/v2\/tags?post=45663"}],"curies":[{"name":"wp","href":"https:\/\/api.w.org\/{rel}","templated":true}]}}