{"id":45666,"date":"2019-07-11T14:40:36","date_gmt":"2019-07-11T18:40:36","guid":{"rendered":"https:\/\/linitiative.ca\/International\/91801-can-2019-quarts-de-finale-l-algerie-dans-le-dernier-carre\/"},"modified":"2019-07-11T14:40:36","modified_gmt":"2019-07-11T18:40:36","slug":"91801-can-2019-quarts-de-finale-l-algerie-dans-le-dernier-carre","status":"publish","type":"post","link":"https:\/\/linitiative.ca\/International\/91801-can-2019-quarts-de-finale-l-algerie-dans-le-dernier-carre\/","title":{"rendered":"CAN-2019 (quarts de finale): l&rsquo;Alg\u00e9rie dans le dernier carr\u00e9"},"content":{"rendered":"<div>\n<div class=\"K2FeedImage\"><img decoding=\"async\" src=\"http:\/\/www.aps.dz\/media\/k2\/items\/cache\/489bedc71448ebb7534b8274ef171618_S.jpg\" alt=\"CAN-2019 (quarts de finale): l'Alg\u00e9rie dans le dernier carr\u00e9\"><\/div>\n<div class=\"K2FeedIntroText\">\n<p>SUEZ (Egypte) &#8211; La s\u00e9lection alg\u00e9rienne de football s&rsquo;est qualifi\u00e9e en demi-finale de la Coupe d&rsquo;Afrique des nations (CAN-2019), en s&rsquo;imposant devant son homologue ivoirienne aux tirs au but 4 \u00e0 3 (temps r\u00e8glementaire : 1-1), jeudi \u00e0 Suez (Egypte).<\/p>\n<\/div>\n<div class=\"K2FeedFullText\">\n<p>Sofiane Feghouli a ouvert le score pour l&rsquo;Alg\u00e9rie \u00e0 la 20e minute, avant que Jonathan Kodjia n&rsquo;\u00e9galise \u00e0 la 62e pour la C\u00f4te d&rsquo;Ivoire. Les Verts par l&rsquo;interm\u00e9diaire de Bounedjah a rat\u00e9 un p\u00e9nalty en d\u00e9but de deuxi\u00e8me mi-temps (46e).<\/p>\n<p>En demi-finale, pr\u00e9vue dimanche au Caire, l&rsquo;Alg\u00e9rie affrontera le Nigeria qui a battu l&rsquo;Afrique du Sud (2-1).<\/p>\n<p>Le dernier quart de finale oppose \u00e0 partir de 20h00, la Tunisie \u00e0 Madagascar. Le vainqueur d\u00e9fiera le S\u00e9n\u00e9gal dans le dernier carr\u00e9.<\/p>\n<\/div>\n<p><img loading=\"lazy\" decoding=\"async\" src=\"http:\/\/feeds.feedburner.com\/~r\/aps-sport\/~4\/Hl-7HyhJ8mM\" height=\"1\" width=\"1\" alt=\"\"><\/div>\n<p>Auteur:<br \/>\n<a href=\"http:\/\/www.aps.dz\/sport\/91801-can-2019-quarts-de-finale-l-algerie-dans-le-dernier-carre?utm_source=feedburner&#038;utm_medium=feed&#038;utm_campaign=Feed%3A+aps-sport+%28APS+-+SPORT%29\">Cliquez ici pour lire l&rsquo;article depuis sa source.<\/a><\/p>\n","protected":false},"excerpt":{"rendered":"<p>SUEZ (Egypte) &#8211; La s\u00e9lection alg\u00e9rienne de football s&rsquo;est qualifi\u00e9e en demi-finale de la Coupe d&rsquo;Afrique des nations (CAN-2019), en s&rsquo;imposant devant son homologue ivoirienne aux tirs au but 4 \u00e0 3 (temps r\u00e8glementaire : 1-1), jeudi \u00e0 Suez (Egypte). Sofiane Feghouli a ouvert le score pour l&rsquo;Alg\u00e9rie \u00e0 la 20e minute, avant que Jonathan [&hellip;]<\/p>\n","protected":false},"author":1790,"featured_media":45667,"comment_status":"closed","ping_status":"closed","sticky":false,"template":"","format":"standard","meta":{"fifu_image_url":"","fifu_image_alt":"","footnotes":""},"categories":[53,75],"tags":[],"class_list":["post-45666","post","type-post","status-publish","format-standard","has-post-thumbnail","hentry","category-algerie","category-sport"],"_links":{"self":[{"href":"https:\/\/linitiative.ca\/International\/wp-json\/wp\/v2\/posts\/45666","targetHints":{"allow":["GET"]}}],"collection":[{"href":"https:\/\/linitiative.ca\/International\/wp-json\/wp\/v2\/posts"}],"about":[{"href":"https:\/\/linitiative.ca\/International\/wp-json\/wp\/v2\/types\/post"}],"author":[{"embeddable":true,"href":"https:\/\/linitiative.ca\/International\/wp-json\/wp\/v2\/users\/1790"}],"replies":[{"embeddable":true,"href":"https:\/\/linitiative.ca\/International\/wp-json\/wp\/v2\/comments?post=45666"}],"version-history":[{"count":0,"href":"https:\/\/linitiative.ca\/International\/wp-json\/wp\/v2\/posts\/45666\/revisions"}],"wp:featuredmedia":[{"embeddable":true,"href":"https:\/\/linitiative.ca\/International\/wp-json\/"}],"wp:attachment":[{"href":"https:\/\/linitiative.ca\/International\/wp-json\/wp\/v2\/media?parent=45666"}],"wp:term":[{"taxonomy":"category","embeddable":true,"href":"https:\/\/linitiative.ca\/International\/wp-json\/wp\/v2\/categories?post=45666"},{"taxonomy":"post_tag","embeddable":true,"href":"https:\/\/linitiative.ca\/International\/wp-json\/wp\/v2\/tags?post=45666"}],"curies":[{"name":"wp","href":"https:\/\/api.w.org\/{rel}","templated":true}]}}