{"id":45669,"date":"2019-07-11T11:37:00","date_gmt":"2019-07-11T15:37:00","guid":{"rendered":"https:\/\/linitiative.ca\/International\/le-pdg-de-loffice-algerien-des-cereales-limoge\/"},"modified":"2019-07-11T11:37:00","modified_gmt":"2019-07-11T15:37:00","slug":"le-pdg-de-loffice-algerien-des-cereales-limoge","status":"publish","type":"post","link":"https:\/\/linitiative.ca\/International\/le-pdg-de-loffice-algerien-des-cereales-limoge\/","title":{"rendered":"Le PDG de l\u2019Office alg\u00e9rien des c\u00e9r\u00e9ales limog\u00e9"},"content":{"rendered":"<p><br id=\"sep_para_1\" class=\"sep_para access\"\/><\/p>\n<div id=\"para_1\" class=\"para_32114611 resize\">\n<div class=\"photo shadow left\"><a href=\"javascript:void(0)\" rel=\"https:\/\/www.reflexiondz.net\/photo\/art\/grande\/35519913-32114611.jpg?v=1562861754&#038;ibox\" title=\"Le PDG de l\u2019Office alg\u00e9rien des c\u00e9r\u00e9ales limog\u00e9\"><img decoding=\"async\" class=\"responsive c9\" src=\"https:\/\/www.reflexiondz.net\/photo\/art\/grande\/35519913-32114611.jpg?v=1562861754\" alt=\"Le PDG de l\u2019Office alg\u00e9rien des c\u00e9r\u00e9ales limog\u00e9\" title=\"Le PDG de l\u2019Office alg\u00e9rien des c\u00e9r\u00e9ales limog\u00e9\"\/><img decoding=\"async\" class=\"not-responsive\" src=\"https:\/\/www.reflexiondz.net\/photo\/art\/default\/35519913-32114611.jpg?v=1562861755\" alt=\"Le PDG de l\u2019Office alg\u00e9rien des c\u00e9r\u00e9ales limog\u00e9\" title=\"Le PDG de l\u2019Office alg\u00e9rien des c\u00e9r\u00e9ales limog\u00e9\"\/><\/a><\/div>\n<div class=\"texte access firstletter\">Le PDG de l\u2019Office alg\u00e9rien des c\u00e9r\u00e9ales, a \u00e9t\u00e9 limog\u00e9, mercredi par le Premier ministre,\u00a0Noureddine\u00a0Bedoui. Par ailleurs, des poursuites judiciaires, ont \u00e9t\u00e9 lanc\u00e9es contre 45 minoteries sous la tutelle de l\u2019office pour surfacturation et fausses d\u00e9clarations. Cette affaire\u00a0ne fait que commencer, d\u2019autres t\u00eates\u00a0risquent de tomber\u00a0!\u00a0<\/div>\n<\/div>\n<p>Auteur: R\u00e9flexion<br \/>\n<a href=\"https:\/\/www.reflexiondz.net\/Le-PDG-de-l-Office-algerien-des-cereales-limoge_a56525.html\">Cliquez ici pour lire l&rsquo;article depuis sa source.<\/a><\/p>\n","protected":false},"excerpt":{"rendered":"<p>Le PDG de l\u2019Office alg\u00e9rien des c\u00e9r\u00e9ales, a \u00e9t\u00e9 limog\u00e9, mercredi par le Premier ministre,\u00a0Noureddine\u00a0Bedoui. Par ailleurs, des poursuites judiciaires, ont \u00e9t\u00e9 lanc\u00e9es contre 45 minoteries sous la tutelle de l\u2019office pour surfacturation et fausses d\u00e9clarations. Cette affaire\u00a0ne fait que commencer, d\u2019autres t\u00eates\u00a0risquent de tomber\u00a0!\u00a0 Auteur: R\u00e9flexion Cliquez ici pour lire l&rsquo;article depuis sa source.<\/p>\n","protected":false},"author":1740,"featured_media":0,"comment_status":"closed","ping_status":"closed","sticky":false,"template":"","format":"standard","meta":{"fifu_image_url":"","fifu_image_alt":"","footnotes":""},"categories":[53,76],"tags":[],"class_list":["post-45669","post","type-post","status-publish","format-standard","hentry","category-algerie","category-regions"],"_links":{"self":[{"href":"https:\/\/linitiative.ca\/International\/wp-json\/wp\/v2\/posts\/45669","targetHints":{"allow":["GET"]}}],"collection":[{"href":"https:\/\/linitiative.ca\/International\/wp-json\/wp\/v2\/posts"}],"about":[{"href":"https:\/\/linitiative.ca\/International\/wp-json\/wp\/v2\/types\/post"}],"author":[{"embeddable":true,"href":"https:\/\/linitiative.ca\/International\/wp-json\/wp\/v2\/users\/1740"}],"replies":[{"embeddable":true,"href":"https:\/\/linitiative.ca\/International\/wp-json\/wp\/v2\/comments?post=45669"}],"version-history":[{"count":0,"href":"https:\/\/linitiative.ca\/International\/wp-json\/wp\/v2\/posts\/45669\/revisions"}],"wp:attachment":[{"href":"https:\/\/linitiative.ca\/International\/wp-json\/wp\/v2\/media?parent=45669"}],"wp:term":[{"taxonomy":"category","embeddable":true,"href":"https:\/\/linitiative.ca\/International\/wp-json\/wp\/v2\/categories?post=45669"},{"taxonomy":"post_tag","embeddable":true,"href":"https:\/\/linitiative.ca\/International\/wp-json\/wp\/v2\/tags?post=45669"}],"curies":[{"name":"wp","href":"https:\/\/api.w.org\/{rel}","templated":true}]}}