{"id":45678,"date":"2019-07-11T05:12:16","date_gmt":"2019-07-11T09:12:16","guid":{"rendered":"https:\/\/linitiative.ca\/International\/situation-politique-et-sortie-de-crise-les-nouvelles-mises-en-garde-de-gaid-salah\/"},"modified":"2019-07-11T05:12:16","modified_gmt":"2019-07-11T09:12:16","slug":"situation-politique-et-sortie-de-crise-les-nouvelles-mises-en-garde-de-gaid-salah","status":"publish","type":"post","link":"https:\/\/linitiative.ca\/International\/situation-politique-et-sortie-de-crise-les-nouvelles-mises-en-garde-de-gaid-salah\/","title":{"rendered":"Situation politique et sortie de crise : Les nouvelles mises en garde de Ga\u00efd Salah"},"content":{"rendered":"<h4 class=\"title-14\"\/>\n<div class=\"featured_image\"><img width=\"400\" height=\"267\" data-cfsrc=\"https:\/\/www.elwatan.com\/wp-content\/uploads\/2019\/07\/gaid-Copie.jpg\" class=\"attachment-post-thumbnail size-post-thumbnail wp-post-image c1\" alt=\"\" srcset=\"https:\/\/www.elwatan.com\/wp-content\/uploads\/2019\/07\/gaid-Copie.jpg 400w, https:\/\/www.elwatan.com\/wp-content\/uploads\/2019\/07\/gaid-Copie-300x200.jpg 300w\" sizes=\"(max-width: 400px) 100vw, 400px\"\/><noscript><\/p>\n<p><img loading=\"lazy\" decoding=\"async\" width=\"400\" height=\"267\" src=\"https:\/\/www.elwatan.com\/wp-content\/uploads\/2019\/07\/gaid-Copie.jpg\" class=\"attachment-post-thumbnail size-post-thumbnail wp-post-image\" alt=\"\" srcset=\"https:\/\/www.elwatan.com\/wp-content\/uploads\/2019\/07\/gaid-Copie.jpg 400w, https:\/\/www.elwatan.com\/wp-content\/uploads\/2019\/07\/gaid-Copie-300x200.jpg 300w\" sizes=\"auto, (max-width: 400px) 100vw, 400px\"\/><\/p>\n<p><\/noscript> <span class=\"featured-image-caption\">Ahmed Ga\u00efd Salah, chef d&rsquo;\u00e9tat-Major de l&rsquo;ANP. Photo : MDN.<\/span><\/div>\n<p class=\"p4\"><span class=\"s3\"><strong>L<\/strong><\/span><span class=\"s4\">e chef d\u2019\u00e9tat-major de l\u2019ANP et vice-ministre de la D\u00e9fense, Ahmed Ga\u00efd Salah, commente \u00e0 nouveau la situation politique nationale dans un discours prononc\u00e9, hier, \u00e0 l\u2019ouverture de la c\u00e9r\u00e9monie de remise du Prix de l\u2019ANP au cercle militaire de Beni Messous, \u00e0 Alger.<\/span><\/p>\n<p class=\"p4\"><span class=\"s4\">Saluant la nouvelle approche <em>\u00abraisonnable et sens\u00e9e\u00bb<\/em> du chef de l\u2019Etat, Abdelkader Bensalah, pour une sortie de crise qui passe par la tenue dans les plus brefs d\u00e9lais d\u2019une \u00e9lection pr\u00e9sidentielle, le chef d\u2019\u00e9tat-major reste constant dans sa position de rejet de la transition, qu\u2019il assimile \u00e0 un saut dans l\u2019inconnu, et de d\u00e9fense du principe d\u2019une \u00e9lection pr\u00e9sidentielle, qu\u2019il consid\u00e8re comme <em>\u00abla cl\u00e9 pour acc\u00e9der \u00e0 l\u2019\u00e9dification d\u2019un Etat fort avec des fondements sains et solides\u00bb<\/em>.<\/span><\/p>\n<p class=\"p4\"><span class=\"s4\">Un Etat, poursuit-il, que <em>\u00able commandement de l\u2019ANP \u0153uvre r\u00e9solument \u00e0 atteindre dans des conditions de s\u00e9curit\u00e9 et de stabilit\u00e9\u00bb<\/em>. Cela, souligne le chef d\u2019\u00e9tat-major, malgr\u00e9 <em>\u00abdes emb\u00fbches que s\u00e8ment certains de ceux qui r\u00e9pugnent le bon d\u00e9roulement de ce processus constitutionnel judicieux, \u00e0 l\u2019instar des slogans mensongers, aux intentions et objectifs d\u00e9masqu\u00e9s, comme r\u00e9clamer un Etat civil et non militaire\u00bb<\/em>.<\/span><\/p>\n<p class=\"p4\"><span class=\"s4\">Le g\u00e9n\u00e9ral de corps d\u2019arm\u00e9e encha\u00eene en consid\u00e9rant de tels slogans comme <em>\u00abdes id\u00e9es empoisonn\u00e9es dict\u00e9es par des cercles hostiles \u00e0 l\u2019Alg\u00e9rie et \u00e0 ses institutions constitutionnelles\u00bb<\/em>. Le chef d\u2019\u00e9tat-major de l\u2019ANP adresse ainsi <em>\u00abune s\u00e9rieuse mise en garde\u00bb<\/em> aux <em>\u00absuppl\u00e9tifs\u00bb<\/em> et aux <em>\u00abinf\u00e9od\u00e9s de la bande\u00bb<\/em>, effray\u00e9s, selon lui, <em>\u00abau point o\u00f9 ils ont commenc\u00e9 \u00e0 mener des campagnes aux objectifs bien connus, pour remettre en cause toute action qu\u2019entreprennent l\u2019institution militaire et son commandement novembriste\u00bb<\/em>. Il assure dans ce sillage que <em>\u00abl\u2019Alg\u00e9rie est plus ch\u00e8re et plus pr\u00e9cieuse pour qu\u2019elle soit, elle et son peuple, victimes de ces tra\u00eetres qui ont vendu leur \u00e2me et conscience et sont devenus des outils manipulables, voire dangereux entre les mains de ces cercles hostiles \u00e0 notre pays\u00bb<\/em>.<\/span><\/p>\n<p class=\"p4\"><span class=\"s4\">Le chef d\u2019\u00e9tat-major souligne que cette <em>\u00abmise en garde\u00bb<\/em> leur a \u00e9t\u00e9 dict\u00e9e par <em>\u00abla quintessence m\u00eame des pr\u00e9rogatives d\u00e9volues\u00bb<\/em> \u00e0 l\u2019institution militaire. Evoquant la glorieuse histoire de l\u2019Alg\u00e9rie, le g\u00e9n\u00e9ral de corps d\u2019arm\u00e9e Ga\u00efd Salah estime qu\u2019<em>\u00abelle consid\u00e8re le vrai moudjahid comme un grain de bien et non pas un germe de mal, un outil pour construire et non pas pour d\u00e9molir\u00bb<\/em>. Ainsi, ajoute-t-il, <em>\u00abquiconque se dissocie de ces v\u00e9ritables vertus de combat se place syst\u00e9matiquement dans la case des corrupteurs, avec tout ce que cela implique, car comme on dit, c\u2019est dans les \u00e9preuves qu\u2019on distingue la nature des hommes\u00bb<\/em>.<\/span><\/p>\n<p class=\"p4\"><span class=\"s4\">Allusion faite visiblement au moudjahid Lakhdar Bourega\u00e2 plac\u00e9 en d\u00e9tention provisoire pour \u00abatteinte au moral de l\u2019arm\u00e9e\u00bb et \u00aboutrage \u00e0 corps constitu\u00e9\u00bb. Le chef d\u2019\u00e9tat-major de l\u2019ANP consid\u00e8re qu<em>\u2019\u00abil est grandement temps d\u2019avoir une vision rigoureuse fond\u00e9e sur la protection de l\u2019int\u00e9r\u00eat supr\u00eame de l\u2019Alg\u00e9rie quant \u00e0 la prise de toutes les dispositions r\u00e9glementaires envers les agissements de ces tra\u00eetres contre l\u2019avenir du peuple et le destin de la patrie\u00bb<\/em>.<\/span><\/p>\n<p class=\"p4\"><span class=\"s4\">Et, pr\u00e9cise-t-il, <em>\u00abc\u2019est l\u2019appareil de la justice qui statuera sur ce qui adviendra de ces tra\u00eetres et prendra toutes les dispositions \u00e9quitables, mais dissuasives et rigoureuses au demeurant\u00bb<\/em>.<\/span><\/p>\n<p class=\"p4\"><span class=\"s4\">Le g\u00e9n\u00e9ral de corps d\u2019arm\u00e9e Ga\u00efd Salah avertit, dans le m\u00eame contexte, <em>\u00abtous ceux qui marchandent l\u2019avenir de la patrie et son int\u00e9r\u00eat supr\u00eame\u00bb<\/em> et assure que <em>\u00abquiconque\u00a0a l\u2019audace d\u2019attenter \u00e0 l\u2019Alg\u00e9rie, \u00e0 l\u2019avenir de son peuple et la p\u00e9rennit\u00e9 de son Etat ne pourra \u00e9chapper \u00e0 la sanction et la justice s\u2019occupera de lui t\u00f4t ou tard\u00bb<\/em>.\u00a0<\/span><\/p>\n<p><span class=\"post-views-label\">Post Views:<\/span> <span class=\"post-views-count\">2\u00a0821<\/span><\/p>\n<p><br class=\"c3\"\/><\/p>\n<p>Auteur: Hicham Chouadria<br \/>\n<a href=\"https:\/\/www.elwatan.com\/edition\/actualite\/situation-politique-et-sortie-de-crise-les-nouvelles-mises-en-garde-de-gaid-salah-11-07-2019\">Cliquez ici pour lire l&rsquo;article depuis sa source.<\/a><\/p>\n","protected":false},"excerpt":{"rendered":"<p>Ahmed Ga\u00efd Salah, chef d&rsquo;\u00e9tat-Major de l&rsquo;ANP. Photo : MDN. Le chef d\u2019\u00e9tat-major de l\u2019ANP et vice-ministre de la D\u00e9fense, Ahmed Ga\u00efd Salah, commente \u00e0 nouveau la situation politique nationale dans un discours prononc\u00e9, hier, \u00e0 l\u2019ouverture de la c\u00e9r\u00e9monie de remise du Prix de l\u2019ANP au cercle militaire de Beni Messous, \u00e0 Alger. Saluant [&hellip;]<\/p>\n","protected":false},"author":1743,"featured_media":45679,"comment_status":"closed","ping_status":"closed","sticky":false,"template":"","format":"standard","meta":{"fifu_image_url":"","fifu_image_alt":"","footnotes":""},"categories":[73,53],"tags":[],"class_list":["post-45678","post","type-post","status-publish","format-standard","has-post-thumbnail","hentry","category-actualite","category-algerie"],"_links":{"self":[{"href":"https:\/\/linitiative.ca\/International\/wp-json\/wp\/v2\/posts\/45678","targetHints":{"allow":["GET"]}}],"collection":[{"href":"https:\/\/linitiative.ca\/International\/wp-json\/wp\/v2\/posts"}],"about":[{"href":"https:\/\/linitiative.ca\/International\/wp-json\/wp\/v2\/types\/post"}],"author":[{"embeddable":true,"href":"https:\/\/linitiative.ca\/International\/wp-json\/wp\/v2\/users\/1743"}],"replies":[{"embeddable":true,"href":"https:\/\/linitiative.ca\/International\/wp-json\/wp\/v2\/comments?post=45678"}],"version-history":[{"count":0,"href":"https:\/\/linitiative.ca\/International\/wp-json\/wp\/v2\/posts\/45678\/revisions"}],"wp:featuredmedia":[{"embeddable":true,"href":"https:\/\/linitiative.ca\/International\/wp-json\/"}],"wp:attachment":[{"href":"https:\/\/linitiative.ca\/International\/wp-json\/wp\/v2\/media?parent=45678"}],"wp:term":[{"taxonomy":"category","embeddable":true,"href":"https:\/\/linitiative.ca\/International\/wp-json\/wp\/v2\/categories?post=45678"},{"taxonomy":"post_tag","embeddable":true,"href":"https:\/\/linitiative.ca\/International\/wp-json\/wp\/v2\/tags?post=45678"}],"curies":[{"name":"wp","href":"https:\/\/api.w.org\/{rel}","templated":true}]}}