{"id":45680,"date":"2019-07-11T05:24:57","date_gmt":"2019-07-11T09:24:57","guid":{"rendered":"https:\/\/linitiative.ca\/International\/rassemblement-de-soutien-aux-detenus-dopinion\/"},"modified":"2019-07-11T05:24:57","modified_gmt":"2019-07-11T09:24:57","slug":"rassemblement-de-soutien-aux-detenus-dopinion","status":"publish","type":"post","link":"https:\/\/linitiative.ca\/International\/rassemblement-de-soutien-aux-detenus-dopinion\/","title":{"rendered":"Rassemblement de soutien aux \u00abd\u00e9tenus d\u2019opinion\u00bb"},"content":{"rendered":"<h4 class=\"title-14\"\/>\n<div class=\"featured_image\"><img width=\"1100\" height=\"732\" data-cfsrc=\"https:\/\/www.elwatan.com\/wp-content\/uploads\/2019\/07\/tribunal.jpg\" class=\"attachment-post-thumbnail size-post-thumbnail wp-post-image c1\" alt=\"\" srcset=\"https:\/\/www.elwatan.com\/wp-content\/uploads\/2019\/07\/tribunal.jpg 1100w, https:\/\/www.elwatan.com\/wp-content\/uploads\/2019\/07\/tribunal-300x200.jpg 300w, https:\/\/www.elwatan.com\/wp-content\/uploads\/2019\/07\/tribunal-768x511.jpg 768w, https:\/\/www.elwatan.com\/wp-content\/uploads\/2019\/07\/tribunal-1024x681.jpg 1024w\" sizes=\"(max-width: 1100px) 100vw, 1100px\"\/><noscript><\/p>\n<p><img loading=\"lazy\" decoding=\"async\" width=\"1100\" height=\"732\" src=\"https:\/\/www.elwatan.com\/wp-content\/uploads\/2019\/07\/tribunal.jpg\" class=\"attachment-post-thumbnail size-post-thumbnail wp-post-image\" alt=\"\" srcset=\"https:\/\/www.elwatan.com\/wp-content\/uploads\/2019\/07\/tribunal.jpg 1100w, https:\/\/www.elwatan.com\/wp-content\/uploads\/2019\/07\/tribunal-300x200.jpg 300w, https:\/\/www.elwatan.com\/wp-content\/uploads\/2019\/07\/tribunal-768x511.jpg 768w, https:\/\/www.elwatan.com\/wp-content\/uploads\/2019\/07\/tribunal-1024x681.jpg 1024w\" sizes=\"auto, (max-width: 1100px) 100vw, 1100px\"\/><\/p>\n<p><\/noscript><\/div>\n<p class=\"p1\"><span class=\"s1\">Des responsables politiques, des avocats, des militants des droits de l\u2019homme et des familles des d\u00e9tenus ont observ\u00e9, hier, un rassemblement devant le si\u00e8ge de la cour d\u2019Alger, en guise de solidarit\u00e9 avec le militant politique Lakhdar Boureg\u00e2a et les porteurs du drapeau amazigh, plac\u00e9s sous mandat de d\u00e9p\u00f4t, et qui comparaissaient devant la chambre d\u2019accusation pr\u00e8s la cour d\u2019Alger.<\/span><\/p>\n<p class=\"p1\"><span class=\"s1\">Les manifestants ont scand\u00e9 des slogans en faveur \u00e0 la lib\u00e9ration des manifestants emprisonn\u00e9s pour avoir brandi le drapeau amazigh et \u00e0 la lib\u00e9ration du moudjahid Lakhdar Bourega\u00e2. Pr\u00e9sent au rassemblement, le pr\u00e9sident du RCD, Mohcine Belabbas, a d\u00e9nonc\u00e9 des emprisonnements ill\u00e9gaux. <em>\u00abNous devons rester mobilis\u00e9s pour exiger la lib\u00e9ration de tous les d\u00e9tenus politiques. Ces derniers ont \u00e9t\u00e9 emprisonn\u00e9s pour avoir exprim\u00e9 une opinion ou brandi le drapeau amazigh. Ceci constitue une violation des lois de la R\u00e9publique et une insulte pour la justice\u00bb<\/em>, s\u2019est-il offusqu\u00e9, ajoutant que <em>\u00able peuple est d\u00e9termin\u00e9 \u00e0 sortir chaque vendredi pour revendiquer un Etat de droit, la lib\u00e9ration des d\u00e9tenus politiques et le d\u00e9part des figures du pouvoir\u00bb.<\/em> <strong><em><span class=\"Apple-converted-space\">\u00a0 \u00a0\u00a0<\/span><\/em><\/strong><\/span><\/p>\n<p><span class=\"post-views-label\">Post Views:<\/span> <span class=\"post-views-count\">256<\/span><\/p>\n<p><br class=\"c3\"\/><\/p>\n<p>Auteur: Hicham Chouadria<br \/>\n<a href=\"https:\/\/www.elwatan.com\/edition\/actualite\/rassemblement-de-soutien-aux-detenus-dopinion-11-07-2019\">Cliquez ici pour lire l&rsquo;article depuis sa source.<\/a><\/p>\n","protected":false},"excerpt":{"rendered":"<p>Des responsables politiques, des avocats, des militants des droits de l\u2019homme et des familles des d\u00e9tenus ont observ\u00e9, hier, un rassemblement devant le si\u00e8ge de la cour d\u2019Alger, en guise de solidarit\u00e9 avec le militant politique Lakhdar Boureg\u00e2a et les porteurs du drapeau amazigh, plac\u00e9s sous mandat de d\u00e9p\u00f4t, et qui comparaissaient devant la chambre [&hellip;]<\/p>\n","protected":false},"author":1743,"featured_media":45681,"comment_status":"closed","ping_status":"closed","sticky":false,"template":"","format":"standard","meta":{"fifu_image_url":"","fifu_image_alt":"","footnotes":""},"categories":[73,53],"tags":[],"class_list":["post-45680","post","type-post","status-publish","format-standard","has-post-thumbnail","hentry","category-actualite","category-algerie"],"_links":{"self":[{"href":"https:\/\/linitiative.ca\/International\/wp-json\/wp\/v2\/posts\/45680","targetHints":{"allow":["GET"]}}],"collection":[{"href":"https:\/\/linitiative.ca\/International\/wp-json\/wp\/v2\/posts"}],"about":[{"href":"https:\/\/linitiative.ca\/International\/wp-json\/wp\/v2\/types\/post"}],"author":[{"embeddable":true,"href":"https:\/\/linitiative.ca\/International\/wp-json\/wp\/v2\/users\/1743"}],"replies":[{"embeddable":true,"href":"https:\/\/linitiative.ca\/International\/wp-json\/wp\/v2\/comments?post=45680"}],"version-history":[{"count":0,"href":"https:\/\/linitiative.ca\/International\/wp-json\/wp\/v2\/posts\/45680\/revisions"}],"wp:featuredmedia":[{"embeddable":true,"href":"https:\/\/linitiative.ca\/International\/wp-json\/"}],"wp:attachment":[{"href":"https:\/\/linitiative.ca\/International\/wp-json\/wp\/v2\/media?parent=45680"}],"wp:term":[{"taxonomy":"category","embeddable":true,"href":"https:\/\/linitiative.ca\/International\/wp-json\/wp\/v2\/categories?post=45680"},{"taxonomy":"post_tag","embeddable":true,"href":"https:\/\/linitiative.ca\/International\/wp-json\/wp\/v2\/tags?post=45680"}],"curies":[{"name":"wp","href":"https:\/\/api.w.org\/{rel}","templated":true}]}}