{"id":45682,"date":"2019-07-11T05:32:03","date_gmt":"2019-07-11T09:32:03","guid":{"rendered":"https:\/\/linitiative.ca\/International\/alors-que-les-avocats-de-la-defense-ont-boycotte-laudience-bouregaa-et-les-porteurs-de-lembleme-amazigh-maintenus-en-detention\/"},"modified":"2019-07-11T05:32:03","modified_gmt":"2019-07-11T09:32:03","slug":"alors-que-les-avocats-de-la-defense-ont-boycotte-laudience-bouregaa-et-les-porteurs-de-lembleme-amazigh-maintenus-en-detention","status":"publish","type":"post","link":"https:\/\/linitiative.ca\/International\/alors-que-les-avocats-de-la-defense-ont-boycotte-laudience-bouregaa-et-les-porteurs-de-lembleme-amazigh-maintenus-en-detention\/","title":{"rendered":"Alors que les avocats de la d\u00e9fense ont boycott\u00e9 l\u2019audience : Bourega\u00e2 et les porteurs de l\u2019embl\u00e8me amazigh maintenus en d\u00e9tention"},"content":{"rendered":"<h4 class=\"title-14\"\/>\n<div class=\"featured_image\"><img width=\"394\" height=\"585\" data-cfsrc=\"https:\/\/www.elwatan.com\/wp-content\/uploads\/2019\/07\/bouregaa.jpg\" class=\"attachment-post-thumbnail size-post-thumbnail wp-post-image c1\" alt=\"\" srcset=\"https:\/\/www.elwatan.com\/wp-content\/uploads\/2019\/07\/bouregaa.jpg 394w, https:\/\/www.elwatan.com\/wp-content\/uploads\/2019\/07\/bouregaa-202x300.jpg 202w\" sizes=\"(max-width: 394px) 100vw, 394px\"\/><noscript><\/p>\n<p><img loading=\"lazy\" decoding=\"async\" width=\"394\" height=\"585\" src=\"https:\/\/www.elwatan.com\/wp-content\/uploads\/2019\/07\/bouregaa.jpg\" class=\"attachment-post-thumbnail size-post-thumbnail wp-post-image\" alt=\"\" srcset=\"https:\/\/www.elwatan.com\/wp-content\/uploads\/2019\/07\/bouregaa.jpg 394w, https:\/\/www.elwatan.com\/wp-content\/uploads\/2019\/07\/bouregaa-202x300.jpg 202w\" sizes=\"auto, (max-width: 394px) 100vw, 394px\"\/><\/p>\n<p><\/noscript><\/div>\n<p class=\"p1\"><span class=\"s1\"><strong>L<\/strong><\/span><span class=\"s2\">a chambre d\u2019accusation de la cour d\u2019Alger a confirm\u00e9, hier en fin de journ\u00e9e, le maintien sous mandat de d\u00e9p\u00f4t du moudjahid et militant politique Lakhdar Bourega\u00e2 et des porteurs de l\u2019embl\u00e8me amazigh. Le moudjahid Bourega\u00e2 a \u00e9t\u00e9 plac\u00e9 en d\u00e9tention provisoire, le 30 juin, par un tribunal alg\u00e9rois, pour \u00aboutrage \u00e0 corps constitu\u00e9\u00bb et \u00abatteinte au moral de l\u2019arm\u00e9e\u00bb et incarc\u00e9r\u00e9 apr\u00e8s avoir critiqu\u00e9 Ahmed Ga\u00efd Salah. Il encourt une peine de dix ans d\u2019emprisonnement.<\/span><\/p>\n<p class=\"p2\"><span class=\"s2\">Interpell\u00e9s apr\u00e8s la consigne donn\u00e9e par le g\u00e9n\u00e9ral Ahmed Ga\u00efd Salah de ne tol\u00e9rer aucun autre drapeau que <em>\u00abl\u2019embl\u00e8me national\u00bb<\/em>, les porteurs de l\u2019embl\u00e8me amazigh ont \u00e9t\u00e9 poursuivis pour \u00abatteinte \u00e0 l\u2019unit\u00e9 nationale\u00bb, un d\u00e9lit pour lequel ils encourent dix ans d\u2019emprisonnement.<\/span><\/p>\n<p class=\"p2\"><span class=\"s2\">Auparavant, les collectifs d\u2019avocats charg\u00e9s de la d\u00e9fense du moudjahid Lakhdar Boureg\u00e2a et des porteurs de l\u2019embl\u00e8me amazigh, plac\u00e9s sous mandat de d\u00e9p\u00f4t, ont boycott\u00e9 une audience de la chambre d\u2019accusation de la cour d\u2019Alger, consacr\u00e9e \u00e0 ces deux affaires. Les robes noires ont d\u00e9cid\u00e9 \u00e0 \u00abl\u2019unanimit\u00e9\u00bb de boycotter les deux audiences, car la mise en d\u00e9tention de ces personnes et les poursuites engag\u00e9es contre les porteurs de l\u2019embl\u00e8me amazigh <em>\u00abn\u2019ont aucune fondement l\u00e9gal\u00bb<\/em>, a d\u00e9nonc\u00e9 Noureddine Benissad, pr\u00e9sident de la Ligue alg\u00e9rienne des droits de l\u2019homme, dans une d\u00e9claration aux m\u00e9dias.<\/span><\/p>\n<p class=\"p2\"><span class=\"s2\">Environ 200 avocats \u00e9taient venus d\u2019un peu partout, \u00e0 travers le territoire national, pour d\u00e9fendre le militant politique Lakhdar Boureg\u00e2a et les manifestants emprisonn\u00e9s pour port de l\u2019embl\u00e8me amazigh, selon lui. <em>\u00abL\u2019ensemble des avocats consid\u00e8re que leur d\u00e9tention est une d\u00e9cision politique, et que leur lib\u00e9ration ne peut \u00eatre donc qu\u2019une d\u00e9cision politique\u00bb<\/em>, a insist\u00e9 Noureddine Benissad. <em>\u00abS\u2019agissant de Boureg\u00e2a, il a exprim\u00e9 une opinion politique et n\u2019a appel\u00e9 ni \u00e0 la s\u00e9dition ni \u00e0 la haine\u00bb<\/em>, a ajout\u00e9 le pr\u00e9sident de la LAADH. Il a tenu \u00e0 transmettre une d\u00e9claration de Bourega\u00e2. <em>\u00abJe suis rest\u00e9 une heure avec Bourega\u00e2, et il a le moral. Il m\u2019a dit qu\u2019il faut continuer le hirak de mani\u00e8re pacifique\u00bb<\/em>, a-t-il assur\u00e9.<\/span><\/p>\n<p class=\"p2\"><span class=\"s2\">Pour sa part, Aouicha Bekhti, avocate membre du collectif d\u2019avocats de la d\u00e9fense et membre du R\u00e9seau national contre la r\u00e9pression, a soulign\u00e9 que le maintien de tous les d\u00e9tenus en prison est une d\u00e9cision <em>\u00abpolitique\u00bb<\/em> et <em>\u00abla solution ne peut \u00eatre que politique\u00bb<\/em>. La chambre d\u2019accusation de la cour d\u2019Alger a confirm\u00e9, dimanche dernier, les d\u00e9cisions de mise sous mandat de d\u00e9p\u00f4t, le 23 juin, des manifestants arr\u00eat\u00e9s deux jours auparavant, lors de la manifestation publique du vendredi 21 juin alors qu\u2019ils arboraient le drapeau amazigh. <em>\u00abD\u00e8s le d\u00e9but, nous avions estim\u00e9 qu\u2019ils n\u2019auraient m\u00eame pas d\u00fb \u00eatre interpell\u00e9s\u00bb<\/em>, a-t-elle d\u00e9clar\u00e9.<\/span><\/p>\n<p class=\"p2\"><span class=\"s2\">Ces arrestations, op\u00e9r\u00e9es depuis le 21 juin, ont provoqu\u00e9 un \u00e9lan de solidarit\u00e9 et suscit\u00e9 la col\u00e8re d\u2019une partie de la soci\u00e9t\u00e9 civile, des responsables politiques de l\u2019opposition et des leaders syndicaux.<\/span><\/p>\n<p><span class=\"post-views-label\">Post Views:<\/span> <span class=\"post-views-count\">1\u00a0939<\/span><\/p>\n<p><br class=\"c3\"\/><\/p>\n<p>Auteur: Hicham Chouadria<br \/>\n<a href=\"https:\/\/www.elwatan.com\/edition\/actualite\/alors-que-les-avocats-de-la-defense-ont-boycotte-laudience-bouregaa-et-les-porteurs-de-lembleme-amazigh-maintenus-en-detention-11-07-2019\">Cliquez ici pour lire l&rsquo;article depuis sa source.<\/a><\/p>\n","protected":false},"excerpt":{"rendered":"<p>La chambre d\u2019accusation de la cour d\u2019Alger a confirm\u00e9, hier en fin de journ\u00e9e, le maintien sous mandat de d\u00e9p\u00f4t du moudjahid et militant politique Lakhdar Bourega\u00e2 et des porteurs de l\u2019embl\u00e8me amazigh. Le moudjahid Bourega\u00e2 a \u00e9t\u00e9 plac\u00e9 en d\u00e9tention provisoire, le 30 juin, par un tribunal alg\u00e9rois, pour \u00aboutrage \u00e0 corps constitu\u00e9\u00bb et [&hellip;]<\/p>\n","protected":false},"author":1743,"featured_media":45683,"comment_status":"closed","ping_status":"closed","sticky":false,"template":"","format":"standard","meta":{"fifu_image_url":"","fifu_image_alt":"","footnotes":""},"categories":[73,53],"tags":[],"class_list":["post-45682","post","type-post","status-publish","format-standard","has-post-thumbnail","hentry","category-actualite","category-algerie"],"_links":{"self":[{"href":"https:\/\/linitiative.ca\/International\/wp-json\/wp\/v2\/posts\/45682","targetHints":{"allow":["GET"]}}],"collection":[{"href":"https:\/\/linitiative.ca\/International\/wp-json\/wp\/v2\/posts"}],"about":[{"href":"https:\/\/linitiative.ca\/International\/wp-json\/wp\/v2\/types\/post"}],"author":[{"embeddable":true,"href":"https:\/\/linitiative.ca\/International\/wp-json\/wp\/v2\/users\/1743"}],"replies":[{"embeddable":true,"href":"https:\/\/linitiative.ca\/International\/wp-json\/wp\/v2\/comments?post=45682"}],"version-history":[{"count":0,"href":"https:\/\/linitiative.ca\/International\/wp-json\/wp\/v2\/posts\/45682\/revisions"}],"wp:featuredmedia":[{"embeddable":true,"href":"https:\/\/linitiative.ca\/International\/wp-json\/"}],"wp:attachment":[{"href":"https:\/\/linitiative.ca\/International\/wp-json\/wp\/v2\/media?parent=45682"}],"wp:term":[{"taxonomy":"category","embeddable":true,"href":"https:\/\/linitiative.ca\/International\/wp-json\/wp\/v2\/categories?post=45682"},{"taxonomy":"post_tag","embeddable":true,"href":"https:\/\/linitiative.ca\/International\/wp-json\/wp\/v2\/tags?post=45682"}],"curies":[{"name":"wp","href":"https:\/\/api.w.org\/{rel}","templated":true}]}}