{"id":45684,"date":"2019-07-11T05:35:15","date_gmt":"2019-07-11T09:35:15","guid":{"rendered":"https:\/\/linitiative.ca\/International\/le-quitus-des-partis-pour-un-depute-islamiste-slimane-chenine-a-la-tete-de-lassemblee\/"},"modified":"2019-07-11T05:35:15","modified_gmt":"2019-07-11T09:35:15","slug":"le-quitus-des-partis-pour-un-depute-islamiste-slimane-chenine-a-la-tete-de-lassemblee","status":"publish","type":"post","link":"https:\/\/linitiative.ca\/International\/le-quitus-des-partis-pour-un-depute-islamiste-slimane-chenine-a-la-tete-de-lassemblee\/","title":{"rendered":"Le quitus des partis pour un d\u00e9put\u00e9 islamiste : Slimane Chenine \u00e0 la t\u00eate de l\u2019Assembl\u00e9e"},"content":{"rendered":"<h4 class=\"title-14\"\/>\n<div class=\"featured_image\"><img width=\"794\" height=\"414\" data-cfsrc=\"https:\/\/www.elwatan.com\/wp-content\/uploads\/2019\/07\/apn3-e1562793643455.jpg\" class=\"attachment-post-thumbnail size-post-thumbnail wp-post-image c1\" alt=\"\" srcset=\"https:\/\/www.elwatan.com\/wp-content\/uploads\/2019\/07\/apn3-e1562793643455.jpg 794w, https:\/\/www.elwatan.com\/wp-content\/uploads\/2019\/07\/apn3-e1562793643455-300x156.jpg 300w, https:\/\/www.elwatan.com\/wp-content\/uploads\/2019\/07\/apn3-e1562793643455-768x400.jpg 768w\" sizes=\"(max-width: 794px) 100vw, 794px\"\/><noscript><\/p>\n<p><img loading=\"lazy\" decoding=\"async\" width=\"794\" height=\"414\" src=\"https:\/\/www.elwatan.com\/wp-content\/uploads\/2019\/07\/apn3-e1562793643455.jpg\" class=\"attachment-post-thumbnail size-post-thumbnail wp-post-image\" alt=\"\" srcset=\"https:\/\/www.elwatan.com\/wp-content\/uploads\/2019\/07\/apn3-e1562793643455.jpg 794w, https:\/\/www.elwatan.com\/wp-content\/uploads\/2019\/07\/apn3-e1562793643455-300x156.jpg 300w, https:\/\/www.elwatan.com\/wp-content\/uploads\/2019\/07\/apn3-e1562793643455-768x400.jpg 768w\" sizes=\"auto, (max-width: 794px) 100vw, 794px\"\/><\/p>\n<p><\/noscript> <span class=\"featured-image-caption\">( photo : B. SOUHIL)<\/span><\/div>\n<p class=\"p1\"><strong>U<\/strong><span class=\"s1\">ne premi\u00e8re dans les annales parlementaires. Un d\u00e9put\u00e9 issu de la mouvance islamiste acc\u00e8de au perchoir de la Chambre basse du Parlement en b\u00e9n\u00e9ficiant du soutien des autres formations politiques. Il s\u2019agit de Slimane Chenine, pr\u00e9sident du groupe parlementaire Ennahda-Adala-Bina. C\u2019est un coup de tonnerre. Une surprise qui en a laiss\u00e9 perplexe plus d\u2019un.<\/span><\/p>\n<p class=\"p1\"><span class=\"s1\">Initialement, l\u2019union Ennahda-Adala-Bina n\u2019avait pas l\u2019intention de pr\u00e9senter de candidat. Elle penchait surtout pour le soutien d\u2019une candidature autre que le secr\u00e9taire g\u00e9n\u00e9ral du FLN. Mais, tard dans la soir\u00e9e de mardi, les 14 d\u00e9put\u00e9s composant cette formation ont \u00e9t\u00e9 inform\u00e9s de la participation du parti avec son propre candidat, ces derniers ne se faisaient pas trop d\u2019illusions, parce qu\u2019ils savaient que le troisi\u00e8me homme de l\u2019Etat ne pouvait pas \u00eatre issu du camp des islamistes. Stup\u00e9faction\u00a0! <em>\u00abEn arrivant hier matin au si\u00e8ge de l\u2019APN, j\u2019ai \u00e9t\u00e9 approch\u00e9 par des d\u00e9put\u00e9s des autres formations qui m\u2019informaient de leur soutien \u00e0 notre candidat. J\u2019avoue que je n\u2019ai rien compris \u00e0 ce revirement, moi qui \u00e9tais persuad\u00e9 que nous n\u2019avions aucune chance de gagner ce pari\u00bb<\/em>, t\u00e9moigne un d\u00e9put\u00e9 de cette formation.<\/span><\/p>\n<p class=\"p1\"><span class=\"s1\">Dans les coulisses de l\u2019Assembl\u00e9e, c\u2019est la cacophonie et l\u2019incompr\u00e9hension. Chacun y va de sa propre lecture. Il reste qu\u2019une majorit\u00e9 est persuad\u00e9e que ce choix a \u00e9t\u00e9 d\u00e9cid\u00e9 d\u2019en haut. <em>\u00abLe pays est toujours g\u00e9r\u00e9 par le coup de t\u00e9l\u00e9phone. Il ne faut pas se leurrer\u00bb<\/em>, commentent certains d\u00e9put\u00e9s qui ont pr\u00e9f\u00e9r\u00e9 requ\u00e9rir l\u2019anonymat. Pour eux, le pouvoir est mont\u00e9 sur la vague du mouvement populaire en choisissant, dans le camp de l\u2019opposition, le troisi\u00e8me homme de l\u2019Etat. <em>\u00abLe FLN et le RND sont des partis contest\u00e9s et d\u00e9cri\u00e9s par le mouvement populaire. Il fallait \u00e0 tout prix r\u00e9pondre favorablement aux revendications de la rue. Un homme issu de l\u2019opposition \u00e0 la t\u00eate de l\u2019APN<span class=\"Apple-converted-space\">\u00a0<\/span> est un bon signe\u00bb<\/em>, explique un d\u00e9put\u00e9.<\/span><\/p>\n<p class=\"p2\"><span class=\"s1\">Pr\u00e9vue \u00e0 10h, la pl\u00e9ni\u00e8re consacr\u00e9e \u00e0 l\u2019adoption du rapport de la commission des affaires juridiques, administratives et des libert\u00e9s sur la vacance du poste de pr\u00e9sident de l\u2019APN a \u00e9t\u00e9 report\u00e9e faute de quorum, parce que les d\u00e9put\u00e9s de diff\u00e9rentes formations devaient se r\u00e9unir pour examiner la nouvelle situation. Ils devaient surtout revoir leur carte. Officiellement<span class=\"Apple-converted-space\">\u00a0<\/span> et jusqu\u2019\u00e0 hier, 11h, six d\u00e9put\u00e9s avaient d\u00e9pos\u00e9 leur candidature pour le poste de pr\u00e9sident de l\u2019APN. Le FLN en rangs dispers\u00e9s s\u2019est pr\u00e9sent\u00e9 avec deux candidats\u00a0: Abdelhamid Si Affif et Mustapha Boualeg, deux candidats qui n\u2019ont pas \u00e9t\u00e9 adoub\u00e9s par le parti. Mohamed Djemai, dont la candidature avait \u00e9t\u00e9 annonc\u00e9e la veille, a finalement renonc\u00e9 \u00e0 se pr\u00e9senter. Une situation qui illustre l\u2019ampleur de la crise qui secoue l\u2019ex-parti unique.<\/span><\/p>\n<p class=\"p3\"><strong><span class=\"s1\">Cacophonie et incompr\u00e9hension<\/span><\/strong><\/p>\n<p class=\"p2\"><span class=\"s1\">Les autres candidats qui ont d\u00e9pos\u00e9 leurs dossiers sont : Slimane Chenine, Mohamed Hellali (groupe des Ind\u00e9pendants), Noureddine Belmeddah (d\u00e9put\u00e9 repr\u00e9sentant la communaut\u00e9 alg\u00e9rienne \u00e0 l\u2019\u00e9tranger), Houari Benaoula du parti El Wifak et Sidi Atmane Lakhdar pour le RND. L\u2019\u00e9lection du nouveau pr\u00e9sident devait avoir lieu \u00e0 14h30 et le vote s\u2019effectuera \u00e0 bulletins secrets. Pour la premi\u00e8re fois, le FLN, divis\u00e9 et non soutenu par le RND, va perdre la pr\u00e9sidence de l\u2019APN. D\u2019ailleurs, la pl\u00e9ni\u00e8re a \u00e9t\u00e9 report\u00e9e \u00e0 20h en raison des tiraillements et divergences au sein du parti, entre ceux qui soutiennent la candidature de Slimane Chenine et ceux qui veulent conserver la pr\u00e9sidence de l\u2019Assembl\u00e9e. Vers 15h, les d\u00e9put\u00e9s des formations politiques RND, MPA, TAJ et Al Moustakbal ont termin\u00e9 leur r\u00e9union et chacun a rendu publique sa position.<\/span><\/p>\n<p class=\"p2\"><span class=\"s1\">Tous ont d\u00e9cid\u00e9 d\u2019apporter leur soutien \u00e0 Slimane Chenine pour le poste de pr\u00e9sident de l\u2019Assembl\u00e9e. <em>\u00abNous annon\u00e7ons officiellement notre soutien au candidat du consensus national, Slimane Chenine\u00bb<\/em>, a d\u00e9clar\u00e9 Fouad Merabet, pr\u00e9sident du groupe parlementaire RND. Ce parti, qui s\u2019est toujours oppos\u00e9 aux islamistes, a justifi\u00e9 ce revirement par le fait de permettre \u00e0 l\u2019opposition de jouer son r\u00f4le. <em>\u00abNous croyons que l\u2019opposition doit avoir une place. C\u2019est pour pr\u00e9server la stabilit\u00e9 du pays et des institutions, surtout que l\u2019APN aura \u00e0 se prononcer sur plusieurs textes de loi\u00bb<\/em>, s\u2019est d\u00e9fendu Merabet, d\u00e9put\u00e9 de Skikda. Mustapha Boualeg, d\u00e9put\u00e9 proche de Mouad Bouchareb, a d\u00e9cid\u00e9, dit-il, de se retirer pour \u00e9viter le blocage de l\u2019institution parlementaire.<\/span><\/p>\n<p class=\"p2\"><span class=\"s1\">Lakhdar Benkhalef, du parti Ennahda-Adala-Bina, confirme que Chenine a fait le consensus aupr\u00e8s des autres groupes parlementaires. A la question de savoir si Chenine aura un r\u00f4le \u00e0 jouer dans le cadre du dialogue,<span class=\"Apple-converted-space\">\u00a0<\/span> Benkhalef r\u00e9plique : <em>\u00abCertainement, parce que les personnalit\u00e9s qui doivent \u00eatre choisies doivent \u00eatre accept\u00e9es par la population et Chenine est plus cr\u00e9dible que Bensalah, car il est issu d\u2019un parti de l\u2019opposition.\u00bb<\/em> D\u2019aucuns savent que l\u2019APN sera dissoute avec l\u2019\u00e9lection du nouveau Pr\u00e9sident et que sa dur\u00e9e de vie est limit\u00e9e par la pr\u00e9sentation de certaines lois li\u00e9es au contexte actuel. Notons que le RCD et le MSP ont boycott\u00e9 la pl\u00e9ni\u00e8re.\u00a0<\/span><\/p>\n<p><span class=\"post-views-label\">Post Views:<\/span> <span class=\"post-views-count\">1\u00a0846<\/span><\/p>\n<p><br class=\"c3\"\/><\/p>\n<p>Auteur: Hicham Chouadria<br \/>\n<a href=\"https:\/\/www.elwatan.com\/edition\/actualite\/le-quitus-des-partis-pour-un-depute-islamiste-slimane-chenine-a-la-tete-de-lassemblee-11-07-2019\">Cliquez ici pour lire l&rsquo;article depuis sa source.<\/a><\/p>\n","protected":false},"excerpt":{"rendered":"<p>( photo : B. SOUHIL) Une premi\u00e8re dans les annales parlementaires. Un d\u00e9put\u00e9 issu de la mouvance islamiste acc\u00e8de au perchoir de la Chambre basse du Parlement en b\u00e9n\u00e9ficiant du soutien des autres formations politiques. Il s\u2019agit de Slimane Chenine, pr\u00e9sident du groupe parlementaire Ennahda-Adala-Bina. C\u2019est un coup de tonnerre. Une surprise qui en a [&hellip;]<\/p>\n","protected":false},"author":1743,"featured_media":45685,"comment_status":"closed","ping_status":"closed","sticky":false,"template":"","format":"standard","meta":{"fifu_image_url":"","fifu_image_alt":"","footnotes":""},"categories":[73,53],"tags":[],"class_list":["post-45684","post","type-post","status-publish","format-standard","has-post-thumbnail","hentry","category-actualite","category-algerie"],"_links":{"self":[{"href":"https:\/\/linitiative.ca\/International\/wp-json\/wp\/v2\/posts\/45684","targetHints":{"allow":["GET"]}}],"collection":[{"href":"https:\/\/linitiative.ca\/International\/wp-json\/wp\/v2\/posts"}],"about":[{"href":"https:\/\/linitiative.ca\/International\/wp-json\/wp\/v2\/types\/post"}],"author":[{"embeddable":true,"href":"https:\/\/linitiative.ca\/International\/wp-json\/wp\/v2\/users\/1743"}],"replies":[{"embeddable":true,"href":"https:\/\/linitiative.ca\/International\/wp-json\/wp\/v2\/comments?post=45684"}],"version-history":[{"count":0,"href":"https:\/\/linitiative.ca\/International\/wp-json\/wp\/v2\/posts\/45684\/revisions"}],"wp:featuredmedia":[{"embeddable":true,"href":"https:\/\/linitiative.ca\/International\/wp-json\/"}],"wp:attachment":[{"href":"https:\/\/linitiative.ca\/International\/wp-json\/wp\/v2\/media?parent=45684"}],"wp:term":[{"taxonomy":"category","embeddable":true,"href":"https:\/\/linitiative.ca\/International\/wp-json\/wp\/v2\/categories?post=45684"},{"taxonomy":"post_tag","embeddable":true,"href":"https:\/\/linitiative.ca\/International\/wp-json\/wp\/v2\/tags?post=45684"}],"curies":[{"name":"wp","href":"https:\/\/api.w.org\/{rel}","templated":true}]}}