{"id":45686,"date":"2019-07-11T05:40:10","date_gmt":"2019-07-11T09:40:10","guid":{"rendered":"https:\/\/linitiative.ca\/International\/alors-que-le-mouvement-populaire-demande-dengager-la-transition-quelle-legitimite-reste-t-il-a-lapn\/"},"modified":"2019-07-11T05:40:10","modified_gmt":"2019-07-11T09:40:10","slug":"alors-que-le-mouvement-populaire-demande-dengager-la-transition-quelle-legitimite-reste-t-il-a-lapn","status":"publish","type":"post","link":"https:\/\/linitiative.ca\/International\/alors-que-le-mouvement-populaire-demande-dengager-la-transition-quelle-legitimite-reste-t-il-a-lapn\/","title":{"rendered":"Alors que le mouvement populaire demande d\u2019engager la transition : Quelle l\u00e9gitimit\u00e9  reste-t-il \u00e0 l\u2019APN ?"},"content":{"rendered":"<h4 class=\"title-14\"\/>\n<div class=\"featured_image\"><img width=\"2364\" height=\"1701\" data-cfsrc=\"https:\/\/www.elwatan.com\/wp-content\/uploads\/2019\/07\/APN-bon.jpg\" class=\"attachment-post-thumbnail size-post-thumbnail wp-post-image c1\" alt=\"\" srcset=\"https:\/\/www.elwatan.com\/wp-content\/uploads\/2019\/07\/APN-bon.jpg 2364w, https:\/\/www.elwatan.com\/wp-content\/uploads\/2019\/07\/APN-bon-300x216.jpg 300w, https:\/\/www.elwatan.com\/wp-content\/uploads\/2019\/07\/APN-bon-768x553.jpg 768w, https:\/\/www.elwatan.com\/wp-content\/uploads\/2019\/07\/APN-bon-1024x737.jpg 1024w, https:\/\/www.elwatan.com\/wp-content\/uploads\/2019\/07\/APN-bon-1320x950.jpg 1320w\" sizes=\"(max-width: 2364px) 100vw, 2364px\"\/><noscript><\/p>\n<p><img loading=\"lazy\" decoding=\"async\" width=\"2364\" height=\"1701\" src=\"https:\/\/www.elwatan.com\/wp-content\/uploads\/2019\/07\/APN-bon.jpg\" class=\"attachment-post-thumbnail size-post-thumbnail wp-post-image\" alt=\"\" srcset=\"https:\/\/www.elwatan.com\/wp-content\/uploads\/2019\/07\/APN-bon.jpg 2364w, https:\/\/www.elwatan.com\/wp-content\/uploads\/2019\/07\/APN-bon-300x216.jpg 300w, https:\/\/www.elwatan.com\/wp-content\/uploads\/2019\/07\/APN-bon-768x553.jpg 768w, https:\/\/www.elwatan.com\/wp-content\/uploads\/2019\/07\/APN-bon-1024x737.jpg 1024w, https:\/\/www.elwatan.com\/wp-content\/uploads\/2019\/07\/APN-bon-1320x950.jpg 1320w\" sizes=\"auto, (max-width: 2364px) 100vw, 2364px\"\/><\/p>\n<p><\/noscript> <span class=\"featured-image-caption\">La dissolution de l\u2019APN a \u00e9t\u00e9 exig\u00e9e d\u00e8s le d\u00e9but du mouvement populaire (Photo Souhil B)<\/span><\/div>\n<p class=\"p1\"><strong>L<\/strong><span class=\"s1\">\u2019Assembl\u00e9e populaire nationale (APN) a-t-elle toujours une raison d\u2019\u00eatre\u00a0? La Chambre basse du Parlement, dont la composante est issue de scrutins contest\u00e9s, ne devrait-elle pas \u00eatre dissoute\u00a0? Ces interrogations sont plus que jamais d\u2019actualit\u00e9. Et pour cause, le mouvement populaire, n\u00e9 le 22 f\u00e9vrier dernier pour r\u00e9clamer le d\u00e9part du syst\u00e8me, a d\u00e9masqu\u00e9 la pseudo-majorit\u00e9 qui contr\u00f4le l\u2019institution parlementaire depuis plus de 20 ans.<\/span><\/p>\n<p class=\"p2\"><span class=\"s1\">Se targuant d\u2019un soutien populaire qui leur donnait, \u00e0 chaque fois, le \u00abpouvoir\u00bb de l\u2019APN, les partis FLN et RND ont \u00e9t\u00e9 d\u00e9mentis par ce corps \u00e9lectoral qui s\u2019exprime chaque vendredi dans les rues de toutes les villes du pays. Les manifestants ciblaient directement ces deux formations qui conduisaient l\u2019alliance pr\u00e9sidentielle engag\u00e9e dans le soutien au programme du pr\u00e9sident d\u00e9chu, Abdelaziz Bouteflika. <em>\u00abFLN d\u00e9gage\u00a0!\u00bb<\/em> est parmi les slogans qui ont \u00e9t\u00e9 le plus scand\u00e9s par les manifestants depuis le d\u00e9but de ce mouvement.<\/span><\/p>\n<p class=\"p2\"><span class=\"s1\">Et ni leurs <em>\u00abmillions de militants\u00bb<\/em> ni leurs responsables respectifs, qui ont maintenu leur soutien au 5<sup>e<\/sup> mandat de l\u2019ex-chef de l\u2019Etat jusqu\u2019\u00e0 la derni\u00e8re minute, n\u2019ont daign\u00e9 r\u00e9pondre. Pis, ils se sont carr\u00e9ment \u00e9clips\u00e9s de la sc\u00e8ne nationale, en faisant le dos rond dans l\u2019attente de la fin de cette temp\u00eate.<\/span><\/p>\n<p class=\"p2\"><span class=\"s1\">La pr\u00e9sence des responsables de ces partis, qui n\u2019ont pas encore \u00e9t\u00e9 inqui\u00e9t\u00e9s par la justice, se limitait, depuis plus de quatre mois, \u00e0 des activit\u00e9s internes \u00e0 leur formation et \u00e0 des passages sur des plateaux de cha\u00eenes de t\u00e9l\u00e9vision o\u00f9 ils tentent une sorte de profession de foi et de confession. Apr\u00e8s avoir bomb\u00e9 le torse des ann\u00e9es durant, pour complexer les opposants au pouvoir absolu du ma\u00eetre de l\u2019\u00e9poque, ces m\u00eames hommes politiques, consid\u00e9r\u00e9s comme une client\u00e8le du pouvoir, affirment, aujourd\u2019hui, \u00e0 qui veut les croire, <em>\u00abqu\u2019ils agissaient sous la contrainte\u00bb<\/em>. Mais pendant une vingtaine d\u2019ann\u00e9es, ils n\u2019ont fait, notamment \u00e0 l\u2019APN, qu\u2019avaliser toutes les politiques de l\u2019ancien r\u00e9gime, r\u00e9duisant l\u2019institution parlementaire \u00e0 une simple chambre d\u2019enregistrement.<\/span><\/p>\n<p class=\"p2\"><span class=\"s1\">Le bilan des diff\u00e9rentes l\u00e9gislatures le confirme. L\u2019institution l\u00e9gislative n\u2019a fait que voter toutes les lois \u00e9manant de l\u2019Ex\u00e9cutif. La majorit\u00e9 qui la contr\u00f4le a m\u00eame fait d\u2019elle un simple comit\u00e9 de soutien aux diff\u00e9rents mandats de l\u2019ex-Pr\u00e9sident. Aujourd\u2019hui, la m\u00eame majorit\u00e9 tente de se refaire une virginit\u00e9 en vue de jouer un r\u00f4le dans les prochaines \u00e9tapes. A-t-elle une l\u00e9gitimit\u00e9\u00a0? Certainement pas. Car le d\u00e9bat actuel sur la n\u00e9cessit\u00e9 d\u2019installer une instance ind\u00e9pendante d\u2019organisation des \u00e9lections est, on ne peut plus clair, une reconnaissance de l\u2019irr\u00e9gularit\u00e9 des scrutins qui ont engendr\u00e9 la composante de l\u2019Assembl\u00e9e actuelle.<\/span><\/p>\n<p class=\"p2\"><span class=\"s1\">Comment alors confier la r\u00e9vision des textes de loi qui encadrent la vie politique du pays \u00e0 des \u00e9lus en mal de l\u00e9gitimit\u00e9\u00a0? En tout cas, la dissolution de l\u2019APN a \u00e9t\u00e9 exig\u00e9e d\u00e8s le d\u00e9but du mouvement populaire. Des d\u00e9put\u00e9s et des partis ont pris la d\u00e9cision de quitter cette institution en r\u00e9ponse \u00e0 la demande des Alg\u00e9riens qui ne font plus confiance au Parlement.<\/span><\/p>\n<p><span class=\"post-views-label\">Post Views:<\/span> <span class=\"post-views-count\">2\u00a0241<\/span><\/p>\n<p><br class=\"c3\"\/><\/p>\n<p>Auteur: Hicham Chouadria<br \/>\n<a href=\"https:\/\/www.elwatan.com\/a-la-une\/alors-que-le-mouvement-populaire-demande-dengager-la-transition-quelle-legitimite-reste-t-il-a-lapn-11-07-2019\">Cliquez ici pour lire l&rsquo;article depuis sa source.<\/a><\/p>\n","protected":false},"excerpt":{"rendered":"<p>La dissolution de l\u2019APN a \u00e9t\u00e9 exig\u00e9e d\u00e8s le d\u00e9but du mouvement populaire (Photo Souhil B) L\u2019Assembl\u00e9e populaire nationale (APN) a-t-elle toujours une raison d\u2019\u00eatre\u00a0? La Chambre basse du Parlement, dont la composante est issue de scrutins contest\u00e9s, ne devrait-elle pas \u00eatre dissoute\u00a0? Ces interrogations sont plus que jamais d\u2019actualit\u00e9. Et pour cause, le mouvement [&hellip;]<\/p>\n","protected":false},"author":1743,"featured_media":45687,"comment_status":"closed","ping_status":"closed","sticky":false,"template":"","format":"standard","meta":{"fifu_image_url":"","fifu_image_alt":"","footnotes":""},"categories":[73,53],"tags":[],"class_list":["post-45686","post","type-post","status-publish","format-standard","has-post-thumbnail","hentry","category-actualite","category-algerie"],"_links":{"self":[{"href":"https:\/\/linitiative.ca\/International\/wp-json\/wp\/v2\/posts\/45686","targetHints":{"allow":["GET"]}}],"collection":[{"href":"https:\/\/linitiative.ca\/International\/wp-json\/wp\/v2\/posts"}],"about":[{"href":"https:\/\/linitiative.ca\/International\/wp-json\/wp\/v2\/types\/post"}],"author":[{"embeddable":true,"href":"https:\/\/linitiative.ca\/International\/wp-json\/wp\/v2\/users\/1743"}],"replies":[{"embeddable":true,"href":"https:\/\/linitiative.ca\/International\/wp-json\/wp\/v2\/comments?post=45686"}],"version-history":[{"count":0,"href":"https:\/\/linitiative.ca\/International\/wp-json\/wp\/v2\/posts\/45686\/revisions"}],"wp:featuredmedia":[{"embeddable":true,"href":"https:\/\/linitiative.ca\/International\/wp-json\/"}],"wp:attachment":[{"href":"https:\/\/linitiative.ca\/International\/wp-json\/wp\/v2\/media?parent=45686"}],"wp:term":[{"taxonomy":"category","embeddable":true,"href":"https:\/\/linitiative.ca\/International\/wp-json\/wp\/v2\/categories?post=45686"},{"taxonomy":"post_tag","embeddable":true,"href":"https:\/\/linitiative.ca\/International\/wp-json\/wp\/v2\/tags?post=45686"}],"curies":[{"name":"wp","href":"https:\/\/api.w.org\/{rel}","templated":true}]}}