{"id":45688,"date":"2019-07-11T07:59:02","date_gmt":"2019-07-11T11:59:02","guid":{"rendered":"https:\/\/linitiative.ca\/International\/marche-des-avocats-a-alger-non-a-la-justice-du-telephone\/"},"modified":"2019-07-11T07:59:02","modified_gmt":"2019-07-11T11:59:02","slug":"marche-des-avocats-a-alger-non-a-la-justice-du-telephone","status":"publish","type":"post","link":"https:\/\/linitiative.ca\/International\/marche-des-avocats-a-alger-non-a-la-justice-du-telephone\/","title":{"rendered":"Marche des avocats \u00e0 Alger : \u00abNon \u00e0 la justice du t\u00e9l\u00e9phone !\u00bb"},"content":{"rendered":"<h4 class=\"title-14\"\/>\n<div class=\"featured_image\"><img width=\"960\" height=\"720\" data-cfsrc=\"https:\/\/www.elwatan.com\/wp-content\/uploads\/2019\/07\/Marche-des-avocats-ALger-le-11-juillet-2019.jpg\" class=\"attachment-post-thumbnail size-post-thumbnail wp-post-image c1\" alt=\"Marche des avocats \u00e0 Alger : \u00abNon \u00e0 la justice du t\u00e9l\u00e9phone !\u00bb\" srcset=\"https:\/\/www.elwatan.com\/wp-content\/uploads\/2019\/07\/Marche-des-avocats-ALger-le-11-juillet-2019.jpg 960w, https:\/\/www.elwatan.com\/wp-content\/uploads\/2019\/07\/Marche-des-avocats-ALger-le-11-juillet-2019-300x225.jpg 300w, https:\/\/www.elwatan.com\/wp-content\/uploads\/2019\/07\/Marche-des-avocats-ALger-le-11-juillet-2019-768x576.jpg 768w\" sizes=\"(max-width: 960px) 100vw, 960px\"\/><noscript><\/p>\n<p><img loading=\"lazy\" decoding=\"async\" width=\"960\" height=\"720\" src=\"https:\/\/www.elwatan.com\/wp-content\/uploads\/2019\/07\/Marche-des-avocats-ALger-le-11-juillet-2019.jpg\" class=\"attachment-post-thumbnail size-post-thumbnail wp-post-image\" alt=\"Marche des avocats \u00e0 Alger : \u00abNon \u00e0 la justice du t\u00e9l\u00e9phone !\u00bb\" srcset=\"https:\/\/www.elwatan.com\/wp-content\/uploads\/2019\/07\/Marche-des-avocats-ALger-le-11-juillet-2019.jpg 960w, https:\/\/www.elwatan.com\/wp-content\/uploads\/2019\/07\/Marche-des-avocats-ALger-le-11-juillet-2019-300x225.jpg 300w, https:\/\/www.elwatan.com\/wp-content\/uploads\/2019\/07\/Marche-des-avocats-ALger-le-11-juillet-2019-768x576.jpg 768w\" sizes=\"auto, (max-width: 960px) 100vw, 960px\"\/><\/p>\n<p><\/noscript> <span class=\"featured-image-caption\">Marche des avocats \u00e0 Alger. 11-07-2019. Photo : Farouk D. \/ El Watan<\/span><\/div>\n<p>Des centaines d\u2019avocats ont march\u00e9, aujourd\u2019hui jeudi \u00e0 Alger, pour r\u00e9clamer la \u00ab\u00a0lib\u00e9ration de la justice\u00a0\u00bb et l\u2019\u2019instauration d\u2019un \u00ab\u00a0Etat civil, non militaire\u00a0\u00bb.<\/p>\n<p>Les avocats, venus de plusieurs wilayas du pays, ont entam\u00e9 leur marche depuis le tribunal de Sidi M\u2019Hamed, sis \u00e0 la rue Abane Ramdane, avant de bifurquer vers le boulevard Zirout Youcef. Ils ont hiss\u00e9 des banderoles sur lesquelles on pouvait lire\u00a0: \u00ab\u00a0Non \u00e0 l\u2019instrumentalisation de la justice\u00a0\u00bb et \u00ab\u00a0Vous avez le tribunal d\u2019Alger, nous avons le tribunal de l\u2019histoire\u00a0\u00bb. Ils ont brandi d\u2019autres slogans \u00e0 l\u2019exemple de \u00ab\u00a0Libert\u00e9\u00a0\u00bb, \u00ab\u00a0Pour une p\u00e9riode de transition\u00a0\u00bb et \u00ab\u00a0Non \u00e0 la r\u00e9pression\u00a0\u00bb.<\/p>\n<p><img class=\"aligncenter size-full wp-image-594657 c1\" data-cfsrc=\"https:\/\/www.elwatan.com\/wp-content\/uploads\/2019\/07\/Marche-avocats-Liberte\u0301.jpg\" alt=\"Photo : Farouk D. \/ El Watan\" width=\"960\" height=\"720\" srcset=\"https:\/\/www.elwatan.com\/wp-content\/uploads\/2019\/07\/Marche-avocats-Liberte\u0301.jpg 960w, https:\/\/www.elwatan.com\/wp-content\/uploads\/2019\/07\/Marche-avocats-Liberte\u0301-300x225.jpg 300w, https:\/\/www.elwatan.com\/wp-content\/uploads\/2019\/07\/Marche-avocats-Liberte\u0301-768x576.jpg 768w\" sizes=\"(max-width: 960px) 100vw, 960px\"\/><\/p>\n<p><noscript><\/p>\n<p><img loading=\"lazy\" decoding=\"async\" class=\"aligncenter size-full wp-image-594657\" src=\"https:\/\/www.elwatan.com\/wp-content\/uploads\/2019\/07\/Marche-avocats-Liberte%CC%81.jpg\" alt=\"Photo : Farouk D. \/ El Watan\" width=\"960\" height=\"720\" srcset=\"https:\/\/www.elwatan.com\/wp-content\/uploads\/2019\/07\/Marche-avocats-Liberte\u0301.jpg 960w, https:\/\/www.elwatan.com\/wp-content\/uploads\/2019\/07\/Marche-avocats-Liberte\u0301-300x225.jpg 300w, https:\/\/www.elwatan.com\/wp-content\/uploads\/2019\/07\/Marche-avocats-Liberte\u0301-768x576.jpg 768w\" sizes=\"auto, (max-width: 960px) 100vw, 960px\"\/><\/p>\n<p><\/noscript><\/p>\n<p>Arriv\u00e9s devant le si\u00e8ge de l\u2019APN (chambre basse du Parlement), ils ont marqu\u00e9 une courte pause pour clamer, notamment, \u00ab\u00a0Lib\u00e9rez la justice\u00a0\u00bb, \u00ab\u00a0lib\u00e9rez les d\u00e9tenus\u00a0\u00bb, \u00ab\u00a0<a href=\"https:\/\/www.elwatan.com\/edition\/actualite\/alors-que-les-avocats-de-la-defense-ont-boycotte-laudience-bouregaa-et-les-porteurs-de-lembleme-amazigh-maintenus-en-detention-11-07-2019\">Lib\u00e9rez Boureg\u00e2a<\/a>\u00a0\u00bb et \u00ab\u00a0Etat civil, non militaire\u00a0\u00bb. Ce dernier slogan, qui a fait r\u00e9agir hier le chef d\u2019\u00e9tat-major de l\u2019arm\u00e9e, <a href=\"https:\/\/www.elwatan.com\/edition\/actualite\/situation-politique-et-sortie-de-crise-les-nouvelles-mises-en-garde-de-gaid-salah-11-07-2019\">Ahmed Gaid Salah<\/a>, a \u00e9t\u00e9 scand\u00e9 par de nombreux passants qui ont vu d\u00e9filer devant eux la procession des robes noires qui a regagn\u00e9 le point de d\u00e9part de la marche, en passant par le boulevard Asselah Hocine.<\/p>\n<p>Les avocats n\u2019ont pas oubli\u00e9 leur coll\u00e8gue Salah Dabouz, en gr\u00e8ve de la faim,\u00a0auquel des pancartes ont \u00e9t\u00e9 d\u00e9di\u00e9es\u00a0: \u00ab\u00a0Lib\u00e9rez Me Dabouz!\u00bb.<\/p>\n<p>Parmi les avocats qui ont battu le pav\u00e9, ce jeudi \u00e0 Alger, on peut remarquer la pr\u00e9sence de Mokrane Ait Larbi, Mustapha Bouchachi, \u00a0Zoubida Assoul, Aouicha Bekhti et Boubaker Hamaili. Les marcheurs ont commenc\u00e9 \u00e0 se disperser vers 12h30.<\/p>\n<blockquote class=\"twitter-tweet\" data-lang=\"fr\" readability=\"4.13\">\n<p dir=\"ltr\" lang=\"fr\">Marche des avocats \u00e0 Alger <a href=\"https:\/\/t.co\/ax6ja5G2ka\">pic.twitter.com\/ax6ja5G2ka<\/a><\/p>\n<p>\u2014 elwatan.com (@elwatancom) <a href=\"https:\/\/twitter.com\/elwatancom\/status\/1149264725412384768?ref_src=twsrc%5Etfw\">11 juillet 2019<\/a><\/p>\n<\/blockquote>\n<p><span class=\"post-views-label\">Post Views:<\/span> <span class=\"post-views-count\">3\u00a0250<\/span><\/p>\n<p><br class=\"c3\"\/><\/p>\n<p>Auteur: Farouk Djouadi<br \/>\n<a href=\"https:\/\/www.elwatan.com\/edition\/actualite\/marche-des-avocats-a-alger-non-a-la-justice-du-telephone-11-07-2019\">Cliquez ici pour lire l&rsquo;article depuis sa source.<\/a><\/p>\n","protected":false},"excerpt":{"rendered":"<p>Marche des avocats \u00e0 Alger. 11-07-2019. Photo : Farouk D. \/ El Watan Des centaines d\u2019avocats ont march\u00e9, aujourd\u2019hui jeudi \u00e0 Alger, pour r\u00e9clamer la \u00ab\u00a0lib\u00e9ration de la justice\u00a0\u00bb et l\u2019\u2019instauration d\u2019un \u00ab\u00a0Etat civil, non militaire\u00a0\u00bb. Les avocats, venus de plusieurs wilayas du pays, ont entam\u00e9 leur marche depuis le tribunal de Sidi M\u2019Hamed, sis [&hellip;]<\/p>\n","protected":false},"author":1743,"featured_media":45689,"comment_status":"closed","ping_status":"closed","sticky":false,"template":"","format":"standard","meta":{"fifu_image_url":"","fifu_image_alt":"","footnotes":""},"categories":[73,53],"tags":[],"class_list":["post-45688","post","type-post","status-publish","format-standard","has-post-thumbnail","hentry","category-actualite","category-algerie"],"_links":{"self":[{"href":"https:\/\/linitiative.ca\/International\/wp-json\/wp\/v2\/posts\/45688","targetHints":{"allow":["GET"]}}],"collection":[{"href":"https:\/\/linitiative.ca\/International\/wp-json\/wp\/v2\/posts"}],"about":[{"href":"https:\/\/linitiative.ca\/International\/wp-json\/wp\/v2\/types\/post"}],"author":[{"embeddable":true,"href":"https:\/\/linitiative.ca\/International\/wp-json\/wp\/v2\/users\/1743"}],"replies":[{"embeddable":true,"href":"https:\/\/linitiative.ca\/International\/wp-json\/wp\/v2\/comments?post=45688"}],"version-history":[{"count":0,"href":"https:\/\/linitiative.ca\/International\/wp-json\/wp\/v2\/posts\/45688\/revisions"}],"wp:featuredmedia":[{"embeddable":true,"href":"https:\/\/linitiative.ca\/International\/wp-json\/"}],"wp:attachment":[{"href":"https:\/\/linitiative.ca\/International\/wp-json\/wp\/v2\/media?parent=45688"}],"wp:term":[{"taxonomy":"category","embeddable":true,"href":"https:\/\/linitiative.ca\/International\/wp-json\/wp\/v2\/categories?post=45688"},{"taxonomy":"post_tag","embeddable":true,"href":"https:\/\/linitiative.ca\/International\/wp-json\/wp\/v2\/tags?post=45688"}],"curies":[{"name":"wp","href":"https:\/\/api.w.org\/{rel}","templated":true}]}}