{"id":45690,"date":"2019-07-11T15:57:48","date_gmt":"2019-07-11T19:57:48","guid":{"rendered":"https:\/\/linitiative.ca\/International\/can-2019-quarts-de-finale-lalgerie-dans-le-dernier-carre\/"},"modified":"2019-07-11T15:57:48","modified_gmt":"2019-07-11T19:57:48","slug":"can-2019-quarts-de-finale-lalgerie-dans-le-dernier-carre","status":"publish","type":"post","link":"https:\/\/linitiative.ca\/International\/can-2019-quarts-de-finale-lalgerie-dans-le-dernier-carre\/","title":{"rendered":"CAN-2019 (quarts de finale): l\u2019Alg\u00e9rie dans le dernier carr\u00e9"},"content":{"rendered":"<h4 class=\"title-14\"\/>\n<div class=\"featured_image\"><img width=\"580\" height=\"350\" data-cfsrc=\"https:\/\/www.elwatan.com\/wp-content\/uploads\/2019\/07\/VERTS-1.jpg\" class=\"attachment-post-thumbnail size-post-thumbnail wp-post-image c1\" alt=\"\" srcset=\"https:\/\/www.elwatan.com\/wp-content\/uploads\/2019\/07\/VERTS-1.jpg 580w, https:\/\/www.elwatan.com\/wp-content\/uploads\/2019\/07\/VERTS-1-300x181.jpg 300w\" sizes=\"(max-width: 580px) 100vw, 580px\"\/><noscript><\/p>\n<p><img loading=\"lazy\" decoding=\"async\" width=\"580\" height=\"350\" src=\"https:\/\/www.elwatan.com\/wp-content\/uploads\/2019\/07\/VERTS-1.jpg\" class=\"attachment-post-thumbnail size-post-thumbnail wp-post-image\" alt=\"\" srcset=\"https:\/\/www.elwatan.com\/wp-content\/uploads\/2019\/07\/VERTS-1.jpg 580w, https:\/\/www.elwatan.com\/wp-content\/uploads\/2019\/07\/VERTS-1-300x181.jpg 300w\" sizes=\"auto, (max-width: 580px) 100vw, 580px\"\/><\/p>\n<p><\/noscript> <span class=\"featured-image-caption\">Photo : APS<\/span><\/div>\n<p>La s\u00e9lection alg\u00e9rienne de football s\u2019est qualifi\u00e9e en demi-finale de la Coupe d\u2019Afrique des nations (CAN-2019), en s\u2019imposant devant son homologue ivoirienne aux tirs au but 4 \u00e0 3 (temps r\u00e8glementaire : 1-1), jeudi \u00e0 Suez (Egypte).<\/p>\n<p>Sofiane Feghouli a ouvert le score pour l\u2019Alg\u00e9rie \u00e0 la 20e minute, avant que Jonathan Kodjia n\u2019\u00e9galise \u00e0 la 62e pour la C\u00f4te d\u2019Ivoire. Les Verts par l\u2019interm\u00e9diaire de Bounedjah a rat\u00e9 un p\u00e9nalty en d\u00e9but de deuxi\u00e8me mi-temps (46e).<\/p>\n<p>En demi-finale, pr\u00e9vue dimanche au Caire, l\u2019Alg\u00e9rie affrontera le Nigeria qui a battu l\u2019Afrique du Sud (2-1).<\/p>\n<p>Le dernier quart de finale oppose \u00e0 partir de 20h00, la Tunisie \u00e0 Madagascar. Le vainqueur d\u00e9fiera le S\u00e9n\u00e9gal dans le dernier carr\u00e9.<\/p>\n<p><span class=\"post-views-label\">Post Views:<\/span> <span class=\"post-views-count\">20<\/span><\/p>\n<p><br class=\"c3\"\/><\/p>\n<p>Auteur: Farouk Djouadi<br \/>\n<a href=\"https:\/\/www.elwatan.com\/edition\/sports\/can-2019-quarts-de-finale-lalgerie-dans-le-dernier-carre-11-07-2019\">Cliquez ici pour lire l&rsquo;article depuis sa source.<\/a><\/p>\n","protected":false},"excerpt":{"rendered":"<p>Photo : APS La s\u00e9lection alg\u00e9rienne de football s\u2019est qualifi\u00e9e en demi-finale de la Coupe d\u2019Afrique des nations (CAN-2019), en s\u2019imposant devant son homologue ivoirienne aux tirs au but 4 \u00e0 3 (temps r\u00e8glementaire : 1-1), jeudi \u00e0 Suez (Egypte). Sofiane Feghouli a ouvert le score pour l\u2019Alg\u00e9rie \u00e0 la 20e minute, avant que Jonathan [&hellip;]<\/p>\n","protected":false},"author":1743,"featured_media":45691,"comment_status":"closed","ping_status":"closed","sticky":false,"template":"","format":"standard","meta":{"fifu_image_url":"","fifu_image_alt":"","footnotes":""},"categories":[73,53],"tags":[],"class_list":["post-45690","post","type-post","status-publish","format-standard","has-post-thumbnail","hentry","category-actualite","category-algerie"],"_links":{"self":[{"href":"https:\/\/linitiative.ca\/International\/wp-json\/wp\/v2\/posts\/45690","targetHints":{"allow":["GET"]}}],"collection":[{"href":"https:\/\/linitiative.ca\/International\/wp-json\/wp\/v2\/posts"}],"about":[{"href":"https:\/\/linitiative.ca\/International\/wp-json\/wp\/v2\/types\/post"}],"author":[{"embeddable":true,"href":"https:\/\/linitiative.ca\/International\/wp-json\/wp\/v2\/users\/1743"}],"replies":[{"embeddable":true,"href":"https:\/\/linitiative.ca\/International\/wp-json\/wp\/v2\/comments?post=45690"}],"version-history":[{"count":0,"href":"https:\/\/linitiative.ca\/International\/wp-json\/wp\/v2\/posts\/45690\/revisions"}],"wp:featuredmedia":[{"embeddable":true,"href":"https:\/\/linitiative.ca\/International\/wp-json\/"}],"wp:attachment":[{"href":"https:\/\/linitiative.ca\/International\/wp-json\/wp\/v2\/media?parent=45690"}],"wp:term":[{"taxonomy":"category","embeddable":true,"href":"https:\/\/linitiative.ca\/International\/wp-json\/wp\/v2\/categories?post=45690"},{"taxonomy":"post_tag","embeddable":true,"href":"https:\/\/linitiative.ca\/International\/wp-json\/wp\/v2\/tags?post=45690"}],"curies":[{"name":"wp","href":"https:\/\/api.w.org\/{rel}","templated":true}]}}