{"id":45694,"date":"2019-07-11T06:00:00","date_gmt":"2019-07-11T10:00:00","guid":{"rendered":"https:\/\/linitiative.ca\/International\/les-canaris-a-pied-doeuvre-a-evian\/"},"modified":"2019-07-11T06:00:00","modified_gmt":"2019-07-11T10:00:00","slug":"les-canaris-a-pied-doeuvre-a-evian","status":"publish","type":"post","link":"https:\/\/linitiative.ca\/International\/les-canaris-a-pied-doeuvre-a-evian\/","title":{"rendered":"Les Canaris \u00e0 pied d\u2019\u0153uvre \u00e0 \u00c9vian"},"content":{"rendered":"<p>Apr\u00e8s avoir termin\u00e9 la premi\u00e8re phase de pr\u00e9paration en Alg\u00e9rie, la JS Kabylie poursuit sa pr\u00e9paration \u00e0 Evian avec la seconde phase de son programme. Arriv\u00e9s lundi, les Canaris ont entam\u00e9 la pr\u00e9paration mardi sous la houlette de l\u2019entra\u00eeneur Hubert Velud. Les camarades de Tafni ont \u00e9t\u00e9 soumis \u00e0 un travail \u00e0 charge \u00e9lev\u00e9e mercredi.<br \/><strong>Sa\u00e2dou sur le d\u00e9part<\/strong><br \/>Ayant refus\u00e9 de se d\u00e9placer avec ses camarades en France pour le second stage de pr\u00e9paration, \u00e0 Evian, Nabil Sa\u00e2dou, qui est encore sous contrat jusqu\u2019au 25 ao\u00fbt 2020, a \u00e9mis le v\u0153u de partir. Par ailleurs, la direction de la JSK s&rsquo;oppose cat\u00e9goriquement \u00e0 son d\u00e9part. La direction du club kabyle affirme ne pas comprendre \u00abl&rsquo;attitude du joueur Sa\u00e2dou qui demande de quitter le club en commen\u00e7ant par s\u00e9cher apparemment le stage d&rsquo;Evian puisqu&rsquo;il n&rsquo;\u00e9tait pas au RDV \u00e0 l&rsquo;a\u00e9roport. Le choix quant au capitanat a \u00e9t\u00e9 fait et, donc, \u00e0 respecter dans le cadre de la profession et celui de la relation de travail liant l&#8217;employeur \u00e0 l&#8217;employ\u00e9\u00bb. La JSK reste cat\u00e9gorique : Sa\u00e2dou ne sera pas lib\u00e9r\u00e9. \u00abOn ne veut pas du tout se s\u00e9parer des services de Sa\u00e2dou, bien au contraire et on s&rsquo;attendait vraiment \u00e0 ce que ce dernier revienne \u00e0 de meilleurs sentiments\u00bb, souligne la JSK. Pour rappel, l\u2019ancien joueur de l\u2019O M\u00e9d\u00e9a aurait des contacts avec un club saoudien.<br \/>Ah. A.<\/p>\n<p>Auteur:<br \/>\n<a href=\"https:\/\/www.lesoirdalgerie.com\/sports\/les-canaris-a-pied-doeuvre-a-evian-26889\">Cliquez ici pour lire l&rsquo;article depuis sa source.<\/a><\/p>\n","protected":false},"excerpt":{"rendered":"<p>Apr\u00e8s avoir termin\u00e9 la premi\u00e8re phase de pr\u00e9paration en Alg\u00e9rie, la JS Kabylie poursuit sa pr\u00e9paration \u00e0 Evian avec la seconde phase de son programme. Arriv\u00e9s lundi, les Canaris ont entam\u00e9 la pr\u00e9paration mardi sous la houlette de l\u2019entra\u00eeneur Hubert Velud. Les camarades de Tafni ont \u00e9t\u00e9 soumis \u00e0 un travail \u00e0 charge \u00e9lev\u00e9e mercredi.Sa\u00e2dou [&hellip;]<\/p>\n","protected":false},"author":1741,"featured_media":0,"comment_status":"closed","ping_status":"closed","sticky":false,"template":"","format":"standard","meta":{"fifu_image_url":"","fifu_image_alt":"","footnotes":""},"categories":[73,53],"tags":[],"class_list":["post-45694","post","type-post","status-publish","format-standard","hentry","category-actualite","category-algerie"],"_links":{"self":[{"href":"https:\/\/linitiative.ca\/International\/wp-json\/wp\/v2\/posts\/45694","targetHints":{"allow":["GET"]}}],"collection":[{"href":"https:\/\/linitiative.ca\/International\/wp-json\/wp\/v2\/posts"}],"about":[{"href":"https:\/\/linitiative.ca\/International\/wp-json\/wp\/v2\/types\/post"}],"author":[{"embeddable":true,"href":"https:\/\/linitiative.ca\/International\/wp-json\/wp\/v2\/users\/1741"}],"replies":[{"embeddable":true,"href":"https:\/\/linitiative.ca\/International\/wp-json\/wp\/v2\/comments?post=45694"}],"version-history":[{"count":0,"href":"https:\/\/linitiative.ca\/International\/wp-json\/wp\/v2\/posts\/45694\/revisions"}],"wp:attachment":[{"href":"https:\/\/linitiative.ca\/International\/wp-json\/wp\/v2\/media?parent=45694"}],"wp:term":[{"taxonomy":"category","embeddable":true,"href":"https:\/\/linitiative.ca\/International\/wp-json\/wp\/v2\/categories?post=45694"},{"taxonomy":"post_tag","embeddable":true,"href":"https:\/\/linitiative.ca\/International\/wp-json\/wp\/v2\/tags?post=45694"}],"curies":[{"name":"wp","href":"https:\/\/api.w.org\/{rel}","templated":true}]}}