{"id":45695,"date":"2019-07-11T06:00:00","date_gmt":"2019-07-11T10:00:00","guid":{"rendered":"https:\/\/linitiative.ca\/International\/lalgerie-a-deja-grignote-20-places\/"},"modified":"2019-07-11T06:00:00","modified_gmt":"2019-07-11T10:00:00","slug":"lalgerie-a-deja-grignote-20-places","status":"publish","type":"post","link":"https:\/\/linitiative.ca\/International\/lalgerie-a-deja-grignote-20-places\/","title":{"rendered":"L\u2019Alg\u00e9rie a d\u00e9j\u00e0 grignot\u00e9 20 places"},"content":{"rendered":"<p>Le prochain classement Fifa sera rendu le 25 juillet, une semaine environ apr\u00e8s la fin de la 32e CAN de football. C\u2019est \u00e0 partir de ce tableau, qui devait \u00eatre rendu public initialement le 18 juillet, soit la veille de la finale de la Coupe d\u2019Afrique des nations, que la Fifa \u00e9laborera le calendrier des qualifications africaines pour le Mondial-2022 au Qatar.<br \/>Avant les quarts de finale de la pr\u00e9sente \u00e9dition, le site football-ranking.info a mis en ligne ses premi\u00e8res pr\u00e9visions quant aux r\u00e9sultats qui seront communiqu\u00e9s dans deux semaines. De prime abord, les \u00e9quipes africaines encore en lice lors d\u2019Egypte-2019 effectueront un saut qualitatif.<br \/>Le S\u00e9n\u00e9gal actuel leader continental sera, ainsi, propuls\u00e9 \u00e0 la 18e place (+4) devant la Tunisie qui, elle, perdra six rangs (31e au lieu de 25e en juin dernier). La seconde \u00e9quipe \u00e0 b\u00e9n\u00e9ficier de ses r\u00e9sultats probants lors de cette CAN est le Nigeria qui passera de la 45e \u00e0 la 36e position. Derri\u00e8re les Super Eagles, le Maroc \u00e9limin\u00e9 en huiti\u00e8mes de finale par le B\u00e9nin fera un saut de 7 places (40e). Les Lions de l\u2019Atlas sont provisoirement suivis par\u2026l\u2019Alg\u00e9rie qui se propulsera \u00e0 la 48e place (68e en juin dernier, 12e en Afrique) ex \u00e6quo avec l\u2019\u00c9gypte. Suivront le Ghana (51e, -1), le Cameroun (53e, -2), la RD Congo (56e, -7), la C\u00f4te d\u2018Ivoire (57e, +5) et le Mali (59e, +3). Ce sont ces s\u00e9lections qui composeront le top 10 et, par cons\u00e9quent, dirigeront, chacune en ce qui la concerne, une des 12 poules qualificatives au Mondial du Qatar. Le Burkina Faso (absent durant cette CAN-2019) et l\u2019Afrique du Sud qui disputait hier soir son quart de finale contre le Nigeria occupant respectivement les 61e (-2) et 70e (+2) seront probablement les deux autres \u00e9quipes qui pr\u00e9sideront \u00e0 un des 12 groupes pr\u00e9vus. La m\u00eame formule (12 groupes) sera adopt\u00e9e par la CAF lors du tirage au sort des qualifications pour la CAN-2021 au Cameroun qui aura lieu le jeudi 18 juillet au Caire. L\u2019ann\u00e9e derni\u00e8re la CAF avait d\u00e9cid\u00e9, lors d\u2019une r\u00e9union de son Comit\u00e9 ex\u00e9cutif tenue \u00e0 Moscou, en marge de la Coupe du monde 2018, que les qualifications du Mondial-2022 et celles pour la CAN-2021 ne seront pas jumel\u00e9es.<br \/>M. B.<\/p>\n<p>Auteur:<br \/>\n<a href=\"https:\/\/www.lesoirdalgerie.com\/sports\/lalgerie-a-deja-grignote-20-places-26888\">Cliquez ici pour lire l&rsquo;article depuis sa source.<\/a><\/p>\n","protected":false},"excerpt":{"rendered":"<p>Le prochain classement Fifa sera rendu le 25 juillet, une semaine environ apr\u00e8s la fin de la 32e CAN de football. C\u2019est \u00e0 partir de ce tableau, qui devait \u00eatre rendu public initialement le 18 juillet, soit la veille de la finale de la Coupe d\u2019Afrique des nations, que la Fifa \u00e9laborera le calendrier des [&hellip;]<\/p>\n","protected":false},"author":1741,"featured_media":0,"comment_status":"closed","ping_status":"closed","sticky":false,"template":"","format":"standard","meta":{"fifu_image_url":"","fifu_image_alt":"","footnotes":""},"categories":[73,53],"tags":[],"class_list":["post-45695","post","type-post","status-publish","format-standard","hentry","category-actualite","category-algerie"],"_links":{"self":[{"href":"https:\/\/linitiative.ca\/International\/wp-json\/wp\/v2\/posts\/45695","targetHints":{"allow":["GET"]}}],"collection":[{"href":"https:\/\/linitiative.ca\/International\/wp-json\/wp\/v2\/posts"}],"about":[{"href":"https:\/\/linitiative.ca\/International\/wp-json\/wp\/v2\/types\/post"}],"author":[{"embeddable":true,"href":"https:\/\/linitiative.ca\/International\/wp-json\/wp\/v2\/users\/1741"}],"replies":[{"embeddable":true,"href":"https:\/\/linitiative.ca\/International\/wp-json\/wp\/v2\/comments?post=45695"}],"version-history":[{"count":0,"href":"https:\/\/linitiative.ca\/International\/wp-json\/wp\/v2\/posts\/45695\/revisions"}],"wp:attachment":[{"href":"https:\/\/linitiative.ca\/International\/wp-json\/wp\/v2\/media?parent=45695"}],"wp:term":[{"taxonomy":"category","embeddable":true,"href":"https:\/\/linitiative.ca\/International\/wp-json\/wp\/v2\/categories?post=45695"},{"taxonomy":"post_tag","embeddable":true,"href":"https:\/\/linitiative.ca\/International\/wp-json\/wp\/v2\/tags?post=45695"}],"curies":[{"name":"wp","href":"https:\/\/api.w.org\/{rel}","templated":true}]}}