{"id":45698,"date":"2019-07-11T06:00:00","date_gmt":"2019-07-11T10:00:00","guid":{"rendered":"https:\/\/linitiative.ca\/International\/questions-autour-du-vide\/"},"modified":"2019-07-11T06:00:00","modified_gmt":"2019-07-11T10:00:00","slug":"questions-autour-du-vide","status":"publish","type":"post","link":"https:\/\/linitiative.ca\/International\/questions-autour-du-vide\/","title":{"rendered":"Questions autour du vide"},"content":{"rendered":"<p>Question perfide : \u00e0 quoi ressemble un vide constitutionnel ? Si on devait, par exemple, le dessiner, le vide constitutionnel, comment s&rsquo;y prendre ? Si on devait lui donner un visage ou des visages, quels seraient-ils ? On serait bien emb\u00eat\u00e9s de trouver une illustration concr\u00e8te de ce vide&#8230; La tronche de Bensalah ? Que non ! Ce n&rsquo;est pas le vide qu&rsquo;elle inspire mais la d\u00e9prime. Et franchement, ce n&rsquo;est pas le moment du tout de choper la d\u00e9prime.<br \/>A. T.<br \/>digoutagesoir@yahoo.fr<\/p>\n<p>Auteur:<br \/>\n<a href=\"https:\/\/www.lesoirdalgerie.com\/digoutage\/questions-autour-du-vide-26885\">Cliquez ici pour lire l&rsquo;article depuis sa source.<\/a><\/p>\n","protected":false},"excerpt":{"rendered":"<p>Question perfide : \u00e0 quoi ressemble un vide constitutionnel ? Si on devait, par exemple, le dessiner, le vide constitutionnel, comment s&rsquo;y prendre ? Si on devait lui donner un visage ou des visages, quels seraient-ils ? On serait bien emb\u00eat\u00e9s de trouver une illustration concr\u00e8te de ce vide&#8230; La tronche de Bensalah ? Que [&hellip;]<\/p>\n","protected":false},"author":1741,"featured_media":0,"comment_status":"closed","ping_status":"closed","sticky":false,"template":"","format":"standard","meta":{"fifu_image_url":"","fifu_image_alt":"","footnotes":""},"categories":[73,53],"tags":[],"class_list":["post-45698","post","type-post","status-publish","format-standard","hentry","category-actualite","category-algerie"],"_links":{"self":[{"href":"https:\/\/linitiative.ca\/International\/wp-json\/wp\/v2\/posts\/45698","targetHints":{"allow":["GET"]}}],"collection":[{"href":"https:\/\/linitiative.ca\/International\/wp-json\/wp\/v2\/posts"}],"about":[{"href":"https:\/\/linitiative.ca\/International\/wp-json\/wp\/v2\/types\/post"}],"author":[{"embeddable":true,"href":"https:\/\/linitiative.ca\/International\/wp-json\/wp\/v2\/users\/1741"}],"replies":[{"embeddable":true,"href":"https:\/\/linitiative.ca\/International\/wp-json\/wp\/v2\/comments?post=45698"}],"version-history":[{"count":0,"href":"https:\/\/linitiative.ca\/International\/wp-json\/wp\/v2\/posts\/45698\/revisions"}],"wp:attachment":[{"href":"https:\/\/linitiative.ca\/International\/wp-json\/wp\/v2\/media?parent=45698"}],"wp:term":[{"taxonomy":"category","embeddable":true,"href":"https:\/\/linitiative.ca\/International\/wp-json\/wp\/v2\/categories?post=45698"},{"taxonomy":"post_tag","embeddable":true,"href":"https:\/\/linitiative.ca\/International\/wp-json\/wp\/v2\/tags?post=45698"}],"curies":[{"name":"wp","href":"https:\/\/api.w.org\/{rel}","templated":true}]}}