{"id":45699,"date":"2019-07-11T06:00:00","date_gmt":"2019-07-11T10:00:00","guid":{"rendered":"https:\/\/linitiative.ca\/International\/la-cote-divoire-un-adversaire-delicat-a-jouer\/"},"modified":"2019-07-11T06:00:00","modified_gmt":"2019-07-11T10:00:00","slug":"la-cote-divoire-un-adversaire-delicat-a-jouer","status":"publish","type":"post","link":"https:\/\/linitiative.ca\/International\/la-cote-divoire-un-adversaire-delicat-a-jouer\/","title":{"rendered":"\u00abLa C\u00f4te d\u2019Ivoire ? Un adversaire d\u00e9licat \u00e0 jouer\u00bb"},"content":{"rendered":"<p>Le s\u00e9lectionneur national, Djamel Belmadi, a relev\u00e9 hier la difficult\u00e9 du match face \u00e0 la C\u00f4te d\u2019Ivoire, \u00abun adversaire qui arrive avec la conviction de gagner\u00bb, cet apr\u00e8s-midi (17h) au stade de Suez, en quarts de finale de la CAN-2019 en \u00c9gypte.<br \/>\u00abC\u2019est un match difficile qu\u2019on doit jouer pour esp\u00e9rer passer au dernier carr\u00e9. La C\u00f4te d\u2019Ivoire est un favori dans ce tournoi avec des joueurs d\u2019exp\u00e9rience. Elle arrive avec la conviction de gagner. Ils ont remport\u00e9 la CAN-2015. C\u2019est une \u00e9quipe qui a d\u00e9j\u00e0 ce pass\u00e9 r\u00e9cent. Pour moi, c\u2019est un favori en puissance. \u00c7a sera un adversaire d\u00e9licat \u00e0 jouer\u00bb, a affirm\u00e9 Belmadi en conf\u00e9rence de presse, tenue au stade de Suez. \u00abLa C\u00f4te d\u2019Ivoire a \u00e9t\u00e9 analys\u00e9e, on conna\u00eet ses forces et ses faiblesses. Nous sommes en train de travailler dessus. Il n&rsquo;y a pas de surprises sur la connaissance de cette \u00e9quipe\u00bb, a-t-il ajout\u00e9. Interrog\u00e9 sur la solidit\u00e9 d\u00e9fensive de l\u2019\u00e9quipe nationale depuis le d\u00e9but de cette 32e \u00e9dition avec aucun but encaiss\u00e9 en quatre matchs, Belmadi s\u2019en est r\u00e9joui. \u00abNous n\u2019avons pas encore encaiss\u00e9 de buts, tant mieux pour nous. L\u2019id\u00e9e est d\u2019\u00eatre tr\u00e8s solide d\u00e9fensivement. S\u2019il va s\u2019av\u00e9rer qu\u2019on va encaisser, nous devons faire preuve de courage, de confiance. Nous avons des ressources et du mental pour pouvoir revenir \u00e0 la marque\u00bb, a-t-il soulign\u00e9. Ayant r\u00e9ussi \u00e0 r\u00e9aliser jusque-l\u00e0 un carton plein, alignant quatre victoires en autant de matchs, l\u2019\u00e9quipe nationale ne redoute par le \u00abpi\u00e8ge\u00bb ivoirien, selon Belmadi. \u00abIl n\u2019y pas de pi\u00e8ge en particulier. En face de nous, il y aura une \u00e9quipe redoutable qui a d\u00e9j\u00e0 gagn\u00e9 la CAN. Face au Mali, ils ont \u00e9t\u00e9 bouscul\u00e9s, mais ils n\u2019ont pas c\u00e9d\u00e9. Elle a prouv\u00e9 qu\u2019elle peut \u00eatre domin\u00e9e sans encaisser de buts. J\u2019esp\u00e8re avoir des \u00e9l\u00e9ments en t\u00eate pour trouver des failles, on fera le n\u00e9cessaire pour faire mal. \u00c7a sera un rapport de forces, la partie ne sera pas facile\u00bb. Apr\u00e8s quatre matchs disput\u00e9s dans la capitale \u00e9gyptienne Le Caire, les Verts vont devoir d\u00e9m\u00e9nager jeudi \u00e0 Suez (139 km du Caire) pour affronter les Ivoiriens. Belmadi s\u2019exprime sur cet aspect : \u00abL\u2019id\u00e9al \u00e9tait de rester au Caire, l\u2019organisation est ainsi faite. On fera le n\u00e9cessaire. Concernant l\u2019horaire de la rencontre, jouer \u00e0 18h, 20h, ou 22h, ce n\u2019est pas important\u00bb. Appel\u00e9 \u00e0 donner son avis sur l\u2019introduction de la VAR (assistant vid\u00e9o \u00e0 l\u2019arbitrage, ndlr) \u00e0 partir des quarts de finale, Belmadi esp\u00e8re qu\u2019elle n\u2019aura pas \u00abun impact n\u00e9gatif sur les matchs\u00bb. \u00abSi on peut comparer la VAR \u00e0 la derni\u00e8re finale de Ligue des champions africaine, \u00e7a n\u2019a pas \u00e9t\u00e9 une r\u00e9ussite. Elle peut compl\u00e9ter l\u2019id\u00e9e de l\u2019arbitre dans son match. J\u2019esp\u00e8re que \u00e7a ne bouscule pas dans de mauvaises d\u00e9cisions arbitrales, que \u00e7a fonctionne bien. J\u2019esp\u00e8re qu\u2019elle n\u2019aura pas un impact n\u00e9gatif sur les matchs\u00bb, a-t-il souhait\u00e9. Enfin, le coach national s&rsquo;est r\u00e9joui du renfort attendu des supporters alg\u00e9riens, o\u00f9 des vols charters ont \u00e9t\u00e9 programm\u00e9s \u00e0 partir d&rsquo;Alger pour assister au match face aux \u00abEl\u00e9phants\u00bb de C\u00f4te d&rsquo;Ivoire. \u00abLes supporters sont le 12e homme, \u00e7a sera un grand avantage pour nous. Nous les remercions pour leur soutien. Inch\u2019Allah, tout le monde fera le maximum pour apporter la joie \u00e0 ce peuple\u00bb, a-t-il conclu.<\/p>\n<p>Auteur:<br \/>\n<a href=\"https:\/\/www.lesoirdalgerie.com\/sports\/la-cote-divoire-un-adversaire-delicat-a-jouer-26884\">Cliquez ici pour lire l&rsquo;article depuis sa source.<\/a><\/p>\n","protected":false},"excerpt":{"rendered":"<p>Le s\u00e9lectionneur national, Djamel Belmadi, a relev\u00e9 hier la difficult\u00e9 du match face \u00e0 la C\u00f4te d\u2019Ivoire, \u00abun adversaire qui arrive avec la conviction de gagner\u00bb, cet apr\u00e8s-midi (17h) au stade de Suez, en quarts de finale de la CAN-2019 en \u00c9gypte.\u00abC\u2019est un match difficile qu\u2019on doit jouer pour esp\u00e9rer passer au dernier carr\u00e9. La [&hellip;]<\/p>\n","protected":false},"author":1741,"featured_media":0,"comment_status":"closed","ping_status":"closed","sticky":false,"template":"","format":"standard","meta":{"fifu_image_url":"","fifu_image_alt":"","footnotes":""},"categories":[73,53],"tags":[],"class_list":["post-45699","post","type-post","status-publish","format-standard","hentry","category-actualite","category-algerie"],"_links":{"self":[{"href":"https:\/\/linitiative.ca\/International\/wp-json\/wp\/v2\/posts\/45699","targetHints":{"allow":["GET"]}}],"collection":[{"href":"https:\/\/linitiative.ca\/International\/wp-json\/wp\/v2\/posts"}],"about":[{"href":"https:\/\/linitiative.ca\/International\/wp-json\/wp\/v2\/types\/post"}],"author":[{"embeddable":true,"href":"https:\/\/linitiative.ca\/International\/wp-json\/wp\/v2\/users\/1741"}],"replies":[{"embeddable":true,"href":"https:\/\/linitiative.ca\/International\/wp-json\/wp\/v2\/comments?post=45699"}],"version-history":[{"count":0,"href":"https:\/\/linitiative.ca\/International\/wp-json\/wp\/v2\/posts\/45699\/revisions"}],"wp:attachment":[{"href":"https:\/\/linitiative.ca\/International\/wp-json\/wp\/v2\/media?parent=45699"}],"wp:term":[{"taxonomy":"category","embeddable":true,"href":"https:\/\/linitiative.ca\/International\/wp-json\/wp\/v2\/categories?post=45699"},{"taxonomy":"post_tag","embeddable":true,"href":"https:\/\/linitiative.ca\/International\/wp-json\/wp\/v2\/tags?post=45699"}],"curies":[{"name":"wp","href":"https:\/\/api.w.org\/{rel}","templated":true}]}}