{"id":45703,"date":"2019-07-11T06:00:00","date_gmt":"2019-07-11T10:00:00","guid":{"rendered":"https:\/\/linitiative.ca\/International\/vahid-pour-le-maroc\/"},"modified":"2019-07-11T06:00:00","modified_gmt":"2019-07-11T10:00:00","slug":"vahid-pour-le-maroc","status":"publish","type":"post","link":"https:\/\/linitiative.ca\/International\/vahid-pour-le-maroc\/","title":{"rendered":"Vahid pour le Maroc ?"},"content":{"rendered":"<p>L\u2019\u00e9limination du Maroc au deuxi\u00e8me tour de la Coupe d\u2019Afrique des Nations continue de faire des vagues chez le voisin de l\u2019Ouest. Le sort de l\u2019entra\u00eeneur Herv\u00e9 Renard est scell\u00e9 et on \u00e9voque d\u00e9j\u00e0 la liste des futurs s\u00e9lectionneurs possibles. Parmi ces derniers, figure l\u2019ancien entra\u00eeneur de l\u2019\u00e9quipe d\u2019Alg\u00e9rie, Vahid Halilhodzic.<\/p>\n<p>Auteur:<br \/>\n<a href=\"https:\/\/www.lesoirdalgerie.com\/periscoop\/vahid-pour-le-maroc-26880\">Cliquez ici pour lire l&rsquo;article depuis sa source.<\/a><\/p>\n","protected":false},"excerpt":{"rendered":"<p>L\u2019\u00e9limination du Maroc au deuxi\u00e8me tour de la Coupe d\u2019Afrique des Nations continue de faire des vagues chez le voisin de l\u2019Ouest. Le sort de l\u2019entra\u00eeneur Herv\u00e9 Renard est scell\u00e9 et on \u00e9voque d\u00e9j\u00e0 la liste des futurs s\u00e9lectionneurs possibles. Parmi ces derniers, figure l\u2019ancien entra\u00eeneur de l\u2019\u00e9quipe d\u2019Alg\u00e9rie, Vahid Halilhodzic. Auteur: Cliquez ici pour [&hellip;]<\/p>\n","protected":false},"author":1741,"featured_media":0,"comment_status":"closed","ping_status":"closed","sticky":false,"template":"","format":"standard","meta":{"fifu_image_url":"","fifu_image_alt":"","footnotes":""},"categories":[73,53],"tags":[],"class_list":["post-45703","post","type-post","status-publish","format-standard","hentry","category-actualite","category-algerie"],"_links":{"self":[{"href":"https:\/\/linitiative.ca\/International\/wp-json\/wp\/v2\/posts\/45703","targetHints":{"allow":["GET"]}}],"collection":[{"href":"https:\/\/linitiative.ca\/International\/wp-json\/wp\/v2\/posts"}],"about":[{"href":"https:\/\/linitiative.ca\/International\/wp-json\/wp\/v2\/types\/post"}],"author":[{"embeddable":true,"href":"https:\/\/linitiative.ca\/International\/wp-json\/wp\/v2\/users\/1741"}],"replies":[{"embeddable":true,"href":"https:\/\/linitiative.ca\/International\/wp-json\/wp\/v2\/comments?post=45703"}],"version-history":[{"count":0,"href":"https:\/\/linitiative.ca\/International\/wp-json\/wp\/v2\/posts\/45703\/revisions"}],"wp:attachment":[{"href":"https:\/\/linitiative.ca\/International\/wp-json\/wp\/v2\/media?parent=45703"}],"wp:term":[{"taxonomy":"category","embeddable":true,"href":"https:\/\/linitiative.ca\/International\/wp-json\/wp\/v2\/categories?post=45703"},{"taxonomy":"post_tag","embeddable":true,"href":"https:\/\/linitiative.ca\/International\/wp-json\/wp\/v2\/tags?post=45703"}],"curies":[{"name":"wp","href":"https:\/\/api.w.org\/{rel}","templated":true}]}}