{"id":45705,"date":"2019-07-11T03:30:43","date_gmt":"2019-07-11T07:30:43","guid":{"rendered":"https:\/\/linitiative.ca\/International\/il-fait-lactu-karim-adyel-juriste\/"},"modified":"2019-07-11T03:30:43","modified_gmt":"2019-07-11T07:30:43","slug":"il-fait-lactu-karim-adyel-juriste","status":"publish","type":"post","link":"https:\/\/linitiative.ca\/International\/il-fait-lactu-karim-adyel-juriste\/","title":{"rendered":"Il fait l\u2019actu : Karim Adyel, juriste"},"content":{"rendered":"<p><strong>Le marocain Karim Adyel a \u00e9t\u00e9 officiellement nomm\u00e9 en qualit\u00e9 d\u2019arbitre au sein du Tribunal Arbitral du Sport (TAS), et ce en marge de la r\u00e9union du Conseil international de l\u2019Arbitrage sportif (CIAS), tenue r\u00e9cemment \u00e0 Lausanne.<\/strong><\/p>\n<div class=\"c10\"\/>\n<p>Ma\u00eetre Adyel devient ainsi le premier juriste marocain \u00e0 occuper ce prestigieux poste au sein du TAS. Apr\u00e8s cette nomination, Karim Adyel s\u2019est montr\u00e9 satisfait de repr\u00e9senter le <strong>Maroc<\/strong> au sein de l\u2019instance arbitrale Internationale supr\u00eame en mati\u00e8re de justice sportive. \u00ab\u00a0Ma passion pour le droit du sport et ma sp\u00e9cialisation en la mati\u00e8re proviennent de mon amour pour le sport, d\u2019autant plus que j\u2019\u00e9tais un tennisman aux ann\u00e9es 80\u00a0\u00bb, a fait savoir le titulaire d\u2019un master 2 professionnel en droit du sport \u00e0 la Sorbonne en 2013. <strong>Karim Adyel<\/strong> a ajout\u00e9 que l\u2019arbitre (le juge) doit disposer de plusieurs qualit\u00e9s, en l\u2019occurrence la \u00ab\u00a0neutralit\u00e9, la confidentialit\u00e9, la discr\u00e9tion et la comp\u00e9tence professionnelle\u00a0\u00bb, ainsi que l\u2019impartialit\u00e9 dans ses rapports avec toutes les composantes sportives aussi bien au Maroc qu\u2019\u00e0 l\u2019\u00e9tranger.<\/p>\n<p><a href=\"https:\/\/www.challenge.ma\/le-marocain-mouad-hajji-designe-secretaire-general-de-la-caf-107549\/\" target=\"_blank\" rel=\"noopener noreferrer\">Lire aussi : Le Marocain Mouad Hajji d\u00e9sign\u00e9 secr\u00e9taire g\u00e9n\u00e9ral de la CAF<\/a><\/p>\n<p>Pour rappel, le CIAS est compos\u00e9 de vingt membres juristes exp\u00e9riment\u00e9s. Quatre membres sont d\u00e9sign\u00e9s par les F\u00e9d\u00e9rations Internationales, quatre par l\u2019Association des Comit\u00e9s Nationaux Olympiques (ACNO), quatre par le Comit\u00e9 International Olympique (CIO), quatre membres par les douze membres du CIAS apr\u00e8s des consultations appropri\u00e9es, en vue de sauvegarder les int\u00e9r\u00eats des athl\u00e8tes et quatre sont d\u00e9sign\u00e9s par les seize membres du CIAS choisis parmi des personnalit\u00e9s ind\u00e9pendantes des organismes d\u00e9signant les autres membres du CIAS.<\/p>\n<div class=\"c17\">\n<fieldset class=\"c16\">\n<legend><strong><span class=\"c11\">Challenge<\/span><span class=\"c12\">news<\/span><\/strong><\/legend>\n<div class=\"c15\">Le meilleur de la r\u00e9daction s\u00e9lectionn\u00e9 par Challenge :<\/p>\n<\/div>\n<\/fieldset>\n<\/div>\n<p>Auteur: Karim Handaoui<br \/>\n<a href=\"https:\/\/www.challenge.ma\/il-fait-lactu-karim-adyel-juriste-112604\/\">Cliquez ici pour lire l&rsquo;article depuis sa source.<\/a><\/p>\n","protected":false},"excerpt":{"rendered":"<p>Le marocain Karim Adyel a \u00e9t\u00e9 officiellement nomm\u00e9 en qualit\u00e9 d\u2019arbitre au sein du Tribunal Arbitral du Sport (TAS), et ce en marge de la r\u00e9union du Conseil international de l\u2019Arbitrage sportif (CIAS), tenue r\u00e9cemment \u00e0 Lausanne. Ma\u00eetre Adyel devient ainsi le premier juriste marocain \u00e0 occuper ce prestigieux poste au sein du TAS. Apr\u00e8s [&hellip;]<\/p>\n","protected":false},"author":1787,"featured_media":0,"comment_status":"closed","ping_status":"closed","sticky":false,"template":"","format":"standard","meta":{"fifu_image_url":"","fifu_image_alt":"","footnotes":""},"categories":[78,54],"tags":[],"class_list":["post-45705","post","type-post","status-publish","format-standard","hentry","category-economie","category-maroc"],"_links":{"self":[{"href":"https:\/\/linitiative.ca\/International\/wp-json\/wp\/v2\/posts\/45705","targetHints":{"allow":["GET"]}}],"collection":[{"href":"https:\/\/linitiative.ca\/International\/wp-json\/wp\/v2\/posts"}],"about":[{"href":"https:\/\/linitiative.ca\/International\/wp-json\/wp\/v2\/types\/post"}],"author":[{"embeddable":true,"href":"https:\/\/linitiative.ca\/International\/wp-json\/wp\/v2\/users\/1787"}],"replies":[{"embeddable":true,"href":"https:\/\/linitiative.ca\/International\/wp-json\/wp\/v2\/comments?post=45705"}],"version-history":[{"count":0,"href":"https:\/\/linitiative.ca\/International\/wp-json\/wp\/v2\/posts\/45705\/revisions"}],"wp:attachment":[{"href":"https:\/\/linitiative.ca\/International\/wp-json\/wp\/v2\/media?parent=45705"}],"wp:term":[{"taxonomy":"category","embeddable":true,"href":"https:\/\/linitiative.ca\/International\/wp-json\/wp\/v2\/categories?post=45705"},{"taxonomy":"post_tag","embeddable":true,"href":"https:\/\/linitiative.ca\/International\/wp-json\/wp\/v2\/tags?post=45705"}],"curies":[{"name":"wp","href":"https:\/\/api.w.org\/{rel}","templated":true}]}}