{"id":45706,"date":"2019-07-11T03:59:49","date_gmt":"2019-07-11T07:59:49","guid":{"rendered":"https:\/\/linitiative.ca\/International\/la-french-tech-sinstalle-au-maroc\/"},"modified":"2019-07-11T03:59:49","modified_gmt":"2019-07-11T07:59:49","slug":"la-french-tech-sinstalle-au-maroc","status":"publish","type":"post","link":"https:\/\/linitiative.ca\/International\/la-french-tech-sinstalle-au-maroc\/","title":{"rendered":"La French Tech s\u2019installe au Maroc"},"content":{"rendered":"<p><strong>Suite \u00e0 l\u2019appel \u00e0 projets lanc\u00e9 en d\u00e9cembre 2018 par la French Tech, le pr\u00e9sident du Kluster CFCIM, J\u00e9r\u00f4me Mouthon, a \u00e9t\u00e9 retenu pour piloter la Communaut\u00e9 French Tech de Casablanca.<\/strong><\/p>\n<div class=\"c10\"\/>\n<p>C\u2019est act\u00e9. L\u2019\u00e9cosyst\u00e8me fran\u00e7ais des startups a d\u00e9sormais une repr\u00e9sentation \u00e0 Casablanca, dont le pilotage a \u00e9t\u00e9 confi\u00e9 \u00e0 J\u00e9r\u00f4me Mouthon, pr\u00e9sident du Kluster de la Chambre Fran\u00e7aise de Commerce et d\u2019Industrie du Maroc (CFCIM).<\/p>\n<p>Cr\u00e9\u00e9e il y a cinq ans, la <strong>French Tech<\/strong> vise \u00e0 animer et \u00e0 d\u00e9velopper un environnement favorable aux startups fran\u00e7aises \u00e0 fort potentiel d\u2019innovation et de croissance. Afin de favoriser l\u2019internationalisation de ce r\u00e9seau qui se met au service des startups, un appel \u00e0 projets a \u00e9t\u00e9 lanc\u00e9 en d\u00e9cembre 2018 pour cr\u00e9er des Communaut\u00e9s French Tech \u00e0 l\u2019international. Le 3 avril 2019, 48 Communaut\u00e9s, dont celle de Casablanca, ont \u00e9t\u00e9 labellis\u00e9es pour une p\u00e9riode de trois ans renouvelables, parmi lesquelles on retrouve notamment les villes d\u2019Abidjan, de Dakar et de Duba\u00ef.<\/p>\n<p>Au <strong>Maroc<\/strong>, la Communaut\u00e9 French Tech est pr\u00e9sid\u00e9e par J\u00e9r\u00f4me Mouthon, pr\u00e9sident du Kluster CFCIM, accompagn\u00e9 d\u2019un board compos\u00e9 d\u2019entrepreneurs de la Tech, de la transformation num\u00e9rique et des <strong>startups<\/strong>, parmi lesquels Julien Guyard, Othman M\u2019Didech, Mourad El Majoubi, etc. \u00ab Nous sommes une communaut\u00e9 d\u2019entrepreneurs fran\u00e7ais ou binationaux dans la Tech au Maroc et cherchons \u00e0 f\u00e9d\u00e9rer autour de nous des startups, mais aussi des grandes entreprises fran\u00e7aises pr\u00e9sentes au royaume. Nous avons postul\u00e9 pour piloter la Communaut\u00e9 French Tech au Maroc en nous appuyant sur l\u2019organisation actuelle du <strong>Kluster CFCIM<\/strong> afin de d\u00e9velopper ce magnifique label sur les trois prochaines ann\u00e9es. Le Kluster CFCIM mettra \u00e0 disposition ses infrastructures au service de la Communaut\u00e9 French Tech Maroc, ainsi que toutes les valeurs de la Chambre Fran\u00e7aise de Commerce et d\u2019Industrie du Maroc qui compte plus de 4 500 soci\u00e9t\u00e9s adh\u00e9rentes \u00bb, explique J\u00e9r\u00f4me Mouthon, pr\u00e9sident du Kluster CFCIM et de la Communaut\u00e9 French Tech de Casablanca.<\/p>\n<p>La Communaut\u00e9 <strong>French Tech de Casablanca<\/strong> se donne ainsi pour mission de resserrer les liens entre fondateurs de startups, investisseurs et autres parties prenantes de l\u2019\u00e9cosyst\u00e8me entrepreneurial. C\u2019est dans cette perspective qu\u2019au moins un \u00e9v\u00e9nement rassemblant la communaut\u00e9 sera organis\u00e9 chaque trimestre. \u00ab Le board rassemble fran\u00e7ais et marocains et devrait nous permettre de tisser des liens \u00e9troits avec toutes les f\u00e9d\u00e9rations marocaines et fran\u00e7aises et de jouer pleinement notre r\u00f4le dans l\u2019animation de la Tech au Maroc \u00bb, affirme Julien Guyard, entrepreneur \u00e9lu Community lead de la Communaut\u00e9 <strong>French Tech de Casablanca<\/strong>.<\/p>\n<div class=\"c17\">\n<fieldset class=\"c16\">\n<legend><strong><span class=\"c11\">Challenge<\/span><span class=\"c12\">news<\/span><\/strong><\/legend>\n<div class=\"c15\">Le meilleur de la r\u00e9daction s\u00e9lectionn\u00e9 par Challenge :<\/p>\n<\/div>\n<\/fieldset>\n<\/div>\n<p>Auteur: Karim Handaoui<br \/>\n<a href=\"https:\/\/www.challenge.ma\/la-french-tech-sinstalle-au-maroc-112568\/\">Cliquez ici pour lire l&rsquo;article depuis sa source.<\/a><\/p>\n","protected":false},"excerpt":{"rendered":"<p>Suite \u00e0 l\u2019appel \u00e0 projets lanc\u00e9 en d\u00e9cembre 2018 par la French Tech, le pr\u00e9sident du Kluster CFCIM, J\u00e9r\u00f4me Mouthon, a \u00e9t\u00e9 retenu pour piloter la Communaut\u00e9 French Tech de Casablanca. C\u2019est act\u00e9. L\u2019\u00e9cosyst\u00e8me fran\u00e7ais des startups a d\u00e9sormais une repr\u00e9sentation \u00e0 Casablanca, dont le pilotage a \u00e9t\u00e9 confi\u00e9 \u00e0 J\u00e9r\u00f4me Mouthon, pr\u00e9sident du Kluster [&hellip;]<\/p>\n","protected":false},"author":1787,"featured_media":0,"comment_status":"closed","ping_status":"closed","sticky":false,"template":"","format":"standard","meta":{"fifu_image_url":"","fifu_image_alt":"","footnotes":""},"categories":[78,54],"tags":[],"class_list":["post-45706","post","type-post","status-publish","format-standard","hentry","category-economie","category-maroc"],"_links":{"self":[{"href":"https:\/\/linitiative.ca\/International\/wp-json\/wp\/v2\/posts\/45706","targetHints":{"allow":["GET"]}}],"collection":[{"href":"https:\/\/linitiative.ca\/International\/wp-json\/wp\/v2\/posts"}],"about":[{"href":"https:\/\/linitiative.ca\/International\/wp-json\/wp\/v2\/types\/post"}],"author":[{"embeddable":true,"href":"https:\/\/linitiative.ca\/International\/wp-json\/wp\/v2\/users\/1787"}],"replies":[{"embeddable":true,"href":"https:\/\/linitiative.ca\/International\/wp-json\/wp\/v2\/comments?post=45706"}],"version-history":[{"count":0,"href":"https:\/\/linitiative.ca\/International\/wp-json\/wp\/v2\/posts\/45706\/revisions"}],"wp:attachment":[{"href":"https:\/\/linitiative.ca\/International\/wp-json\/wp\/v2\/media?parent=45706"}],"wp:term":[{"taxonomy":"category","embeddable":true,"href":"https:\/\/linitiative.ca\/International\/wp-json\/wp\/v2\/categories?post=45706"},{"taxonomy":"post_tag","embeddable":true,"href":"https:\/\/linitiative.ca\/International\/wp-json\/wp\/v2\/tags?post=45706"}],"curies":[{"name":"wp","href":"https:\/\/api.w.org\/{rel}","templated":true}]}}