{"id":45708,"date":"2019-07-11T05:33:18","date_gmt":"2019-07-11T09:33:18","guid":{"rendered":"https:\/\/linitiative.ca\/International\/le-maroc-la-nouvelle-puissance\/"},"modified":"2019-07-11T05:33:18","modified_gmt":"2019-07-11T09:33:18","slug":"le-maroc-la-nouvelle-puissance","status":"publish","type":"post","link":"https:\/\/linitiative.ca\/International\/le-maroc-la-nouvelle-puissance\/","title":{"rendered":"Le Maroc, la nouvelle puissance"},"content":{"rendered":"<p><strong>L\u2019hebdomadaire fran\u00e7ais Le Point a mis l\u2019accent, dans sa derni\u00e8re livraison, sur les efforts d\u00e9ploy\u00e9s par le Maroc, sous la conduite de SM le Roi Mohammed VI, sur la voie de la modernit\u00e9 et d\u2019un lib\u00e9ralisme \u00e9conomique assum\u00e9, relevant que le Royaume \u00abaffiche des r\u00e9sultats enviables et a renforc\u00e9 son cadre institutionnel\u00bb.\u00a0<\/strong><\/p>\n<div class=\"c10\"\/>\n<p>Dans un dossier annonc\u00e9 en couverture sous le titre : \u00ab Maroc, la nouvelle puissance\u00bb, la publication note, dans un article introductif, que le Royaume qui \u00abn\u2019a que peu de ressources naturelles \u00e0 sa disposition, \u00e0 part les phosphates\u00bb, s\u2019est mis t\u00f4t \u00e0 l\u2019\u0153uvre pour se construire de ses mains.<\/p>\n<p>L\u2019hebdomadaire \u00e9voque dans ce cadre un dernier rapport \u00abau ton positif pour le Royaume\u00bb dans lequel le directeur g\u00e9n\u00e9ral adjoint du <strong>Fonds mon\u00e9taire international<\/strong> (FMI), Mitsuhiro Furusawa, a indiqu\u00e9 que \u00able Maroc a consid\u00e9rablement progress\u00e9 dans la r\u00e9duction des vuln\u00e9rabilit\u00e9s nationales au cours des derni\u00e8res ann\u00e9es\u00bb. \u00abCertes, nous n\u2019avons pas de p\u00e9trole mais notre vraie ressource, c\u2019est le capital humain et g\u00e9ographique\u00bb, souligne pour sa part l\u2019entrepreneuse Neila Tazi, figure du patronat marocain, cit\u00e9e jeudi par Le Point.<\/p>\n<p>Lire aussi : <a href=\"https:\/\/www.challenge.ma\/france-tanger-med-pour-une-bonne-note-au-bac-110946\/\" target=\"_blank\" rel=\"noopener noreferrer\">France : Tanger Med pour une bonne note au Bac<\/a><\/p>\n<p>Le Maroc a pour lui l\u2019avantage d\u2019une histoire multis\u00e9culaire, affirme la publication sous la plume de son envoy\u00e9 sp\u00e9cial, Luc de Barochez, qui a relev\u00e9 \u00ables bons choix politiques\u00bb faits par le Maroc. \u00abSon <strong>pluripartisme<\/strong> date du d\u00e9but des ann\u00e9es 1930, bien avant l\u2019ind\u00e9pendance de 1956; il a perdur\u00e9 m\u00eame dans les p\u00e9riodes les plus tendues\u00bb, a notamment \u00e9crit le journaliste en rappelant le choix fait par le Maroc pour le camp occidental et l\u2019\u00e9conomie de march\u00e9.<\/p>\n<p>Le Point \u00e9voque, par ailleurs, l\u2019adoption par r\u00e9f\u00e9rendum de la Constitution de 2011 et l\u2019av\u00e8nement au gouvernement du Parti de la justice et du d\u00e9veloppement (PJD), qui s\u2019en est suivi. S\u2019agissant des \u00ab fragilit\u00e9s \u00bb dont souffre n\u00e9anmoins le Maroc, l\u2019hebdomadaire les situe notamment au niveau du poids de l\u2019\u00e9conomie informelle, des syst\u00e8mes publics d\u2019\u00e9ducation et de sant\u00e9, des in\u00e9galit\u00e9s et de la fuite des cerveaux vers l\u2019Europe et l\u2019Am\u00e9rique.<\/p>\n<p>La publication \u00e9voque \u00e9galement le r\u00f4le du fran\u00e7ais dans l\u2019\u00e9conomie marocaine ainsi que le statut de la femme qui, selon elle, continue \u00e0 susciter la discorde en d\u00e9pit de l\u2019\u00e9galit\u00e9 des sexes d\u00e9sormais ancr\u00e9e dans la <strong>Constitution<\/strong>. Une loi pour r\u00e9primer les violences faites aux femmes, vot\u00e9e fin 2018, est jug\u00e9e insuffisante par les militantes, observe l\u2019hebdomadaire qui rappelle n\u00e9anmoins un rapport de la Banque mondiale publi\u00e9 en f\u00e9vrier classant \u00abavantageusement le Maroc \u00e0 la premi\u00e8re place des pays d\u2019Afrique du Nord pour la place accord\u00e9e aux femmes\u00bb. L\u2019ouverture du Maroc \u00e0 la mondialisation se mesure aussi \u00e0 l\u2019industrialisation rapide du nord du pays, autour du grand port de Tanger Med, devenu en quelques ann\u00e9es le plus important d\u2019Afrique et dont la capacit\u00e9 est en voie de triplement, note Le Point qui consacre un article \u00e0 ce port sous le titre : \u00abTanger Med, le plus grand port d\u2019Afrique\u00bb.<\/p>\n<p>Sous le titre : \u00ab Ici se dessine le Maroc de demain\u00bb, la publication traite \u00e9galement des grandes r\u00e9alisations urbanistiques du Maroc, notant que \u00abde Rabat \u00e0 Casablanca en passant par Tanger, les grands studios d\u2019architecture rivalisent d\u2019audace\u00bb. Le dossier r\u00e9serv\u00e9 au Maroc par l\u2019hebdomadaire comporte aussi un reportage sur la formation des imams, dont l\u2019auteur rel\u00e8ve notamment que face aux fondamentalistes, le Royaume promeut un Islam de \u00abjuste milieu\u00bb.<\/p>\n<div class=\"c17\">\n<fieldset class=\"c16\">\n<legend><strong><span class=\"c11\">Challenge<\/span><span class=\"c12\">news<\/span><\/strong><\/legend>\n<div class=\"c15\">Le meilleur de la r\u00e9daction s\u00e9lectionn\u00e9 par Challenge :<\/p>\n<\/div>\n<\/fieldset>\n<\/div>\n<p>Auteur: challenge<br \/>\n<a href=\"https:\/\/www.challenge.ma\/le-maroc-la-nouvelle-puissance-112593\/\">Cliquez ici pour lire l&rsquo;article depuis sa source.<\/a><\/p>\n","protected":false},"excerpt":{"rendered":"<p>L\u2019hebdomadaire fran\u00e7ais Le Point a mis l\u2019accent, dans sa derni\u00e8re livraison, sur les efforts d\u00e9ploy\u00e9s par le Maroc, sous la conduite de SM le Roi Mohammed VI, sur la voie de la modernit\u00e9 et d\u2019un lib\u00e9ralisme \u00e9conomique assum\u00e9, relevant que le Royaume \u00abaffiche des r\u00e9sultats enviables et a renforc\u00e9 son cadre institutionnel\u00bb.\u00a0 Dans un dossier [&hellip;]<\/p>\n","protected":false},"author":1787,"featured_media":0,"comment_status":"closed","ping_status":"closed","sticky":false,"template":"","format":"standard","meta":{"fifu_image_url":"","fifu_image_alt":"","footnotes":""},"categories":[78,54],"tags":[],"class_list":["post-45708","post","type-post","status-publish","format-standard","hentry","category-economie","category-maroc"],"_links":{"self":[{"href":"https:\/\/linitiative.ca\/International\/wp-json\/wp\/v2\/posts\/45708","targetHints":{"allow":["GET"]}}],"collection":[{"href":"https:\/\/linitiative.ca\/International\/wp-json\/wp\/v2\/posts"}],"about":[{"href":"https:\/\/linitiative.ca\/International\/wp-json\/wp\/v2\/types\/post"}],"author":[{"embeddable":true,"href":"https:\/\/linitiative.ca\/International\/wp-json\/wp\/v2\/users\/1787"}],"replies":[{"embeddable":true,"href":"https:\/\/linitiative.ca\/International\/wp-json\/wp\/v2\/comments?post=45708"}],"version-history":[{"count":0,"href":"https:\/\/linitiative.ca\/International\/wp-json\/wp\/v2\/posts\/45708\/revisions"}],"wp:attachment":[{"href":"https:\/\/linitiative.ca\/International\/wp-json\/wp\/v2\/media?parent=45708"}],"wp:term":[{"taxonomy":"category","embeddable":true,"href":"https:\/\/linitiative.ca\/International\/wp-json\/wp\/v2\/categories?post=45708"},{"taxonomy":"post_tag","embeddable":true,"href":"https:\/\/linitiative.ca\/International\/wp-json\/wp\/v2\/tags?post=45708"}],"curies":[{"name":"wp","href":"https:\/\/api.w.org\/{rel}","templated":true}]}}