{"id":45710,"date":"2019-07-11T09:59:22","date_gmt":"2019-07-11T13:59:22","guid":{"rendered":"https:\/\/linitiative.ca\/International\/can-2019-les-marocains-supportent-lalgerie-apres-lelimination-des-lions-de-latlas\/"},"modified":"2019-07-11T09:59:22","modified_gmt":"2019-07-11T13:59:22","slug":"can-2019-les-marocains-supportent-lalgerie-apres-lelimination-des-lions-de-latlas","status":"publish","type":"post","link":"https:\/\/linitiative.ca\/International\/can-2019-les-marocains-supportent-lalgerie-apres-lelimination-des-lions-de-latlas\/","title":{"rendered":"CAN 2019 : Les Marocains supportent l\u2019Alg\u00e9rie apr\u00e8s l\u2019\u00e9limination des Lions de l\u2019Atlas"},"content":{"rendered":"<p><strong>Les Marocains ont choisi d\u2019encourager l\u2019Alg\u00e9rie dans son parcours \u00e0 la phase finale de la Coupe d\u2019Afrique des Nations organis\u00e9e en Egypte apr\u00e8s leur grande d\u00e9ception suite \u00e0 l\u2019\u00e9limination des l\u2019\u00e9quipe nationale.<\/strong><\/p>\n<div class=\"c10\"\/>\n<p>L\u2019image de la ville de F\u00e8s, des citoyens marocains qui regardent un match de l\u2019\u00e9quipe nationale alg\u00e9rienne, tandis qu\u2019une grande banderole affich\u00e9e dans le caf\u00e9 disait: \u00ab\u00a0Je suis marocain, alors je suis alg\u00e9rien\u00a0\u00bb. \u00ab\u00a0Le football est un cadeau pour nous\u00a0\u00bb, a d\u00e9clar\u00e9 l\u2019analyste sportif marocain Jamal astaifi. \u00ab\u00a0Le football nous donne chaque fois une nouvelle le\u00e7on, la relation humanitaire la plus merveilleuse entre les peuples marocain et alg\u00e9rien d\u00e9passe les calculs \u00e9troits des hommes politiques\u00a0\u00bb, a-t-il ajout\u00e9 dans un blog sur Facebook.<\/p>\n<p>\u00ab\u00a0Merci au football qui nous a permis de vivre ces moments avec nos fr\u00e8res en Alg\u00e9rie, de r\u00e9v\u00e9ler une fois de plus la bonne foi des peuples des deux pays\u00a0\u00bb<\/p>\n<p><img loading=\"lazy\" decoding=\"async\" class=\"alignnone size-full wp-image-112584\" src=\"https:\/\/www.challenge.ma\/wp-content\/uploads\/2019\/07\/alg%C3%A9rie-1.jpg\" alt=\"\" width=\"575\" height=\"619\" srcset=\"https:\/\/www.challenge.ma\/wp-content\/uploads\/2019\/07\/alg\u00e9rie-1.jpg 575w, https:\/\/www.challenge.ma\/wp-content\/uploads\/2019\/07\/alg\u00e9rie-1-279x300.jpg 279w, https:\/\/www.challenge.ma\/wp-content\/uploads\/2019\/07\/alg\u00e9rie-1-360x388.jpg 360w\" sizes=\"auto, (max-width: 575px) 100vw, 575px\"\/><\/p>\n<p>Au d\u00e9but du tournoi, le Maroc et l\u2019Alg\u00e9rie ont lanc\u00e9 une campagne virtuelle sur les r\u00e9seaux sociaux sous le nom de \u00ab\u00a0Khawa Khawa\u00a0\u00bb, qui repr\u00e9sente un signe de fraternit\u00e9 entre les deux peuples, une expression qui a trouv\u00e9 sa place dans les stades et les villes d\u2019Egypte, qui organisent le tournoi du 21 juin au 19 juillet.<\/p>\n<p>Hashtag \u00ab\u00a0Khawa Khawa\u00a0\u00bb, publi\u00e9 dans les pages de sport les plus importantes des deux pays, a diffus\u00e9 l\u2019id\u00e9e \u00e0 grande \u00e9chelle. Il a \u00e9galement attir\u00e9 l\u2019attention des m\u00e9dias au Maroc, en Alg\u00e9rie et dans tous les pays arabes.<\/p>\n<div class=\"fb-post\" data-href=\"https:\/\/www.facebook.com\/photo.php?fbid=2480797272208323&#038;set=a.1376153892672672&#038;type=3&#038;theater\" data-width=\"750\">\n<blockquote cite=\"https:\/\/www.facebook.com\/photo.php?fbid=2480797272208323&#038;set=a.1376153892672672&#038;type=3\" class=\"fb-xfbml-parse-ignore\">\n<p>\u0623\u062d\u0633\u0646 \u062d\u0627\u062c\u0629 \u0641\u0647\u0627\u062f \u0627\u0644\u0643\u0648\u067e \u062f\u0627\u0641\u0631\u064a\u0643 \ud83d\udc9a\u2066\ud83c\udde9\ud83c\uddff\u2069\u2066\ud83c\uddf2\ud83c\udde6\u2069\u2066\u2764\ufe0f\u2069 #\u062e\u0627\u0648\u0629<\/p>\n<p>Publi\u00e9e par <a href=\"https:\/\/www.facebook.com\/ouael.louiz.07\">Ouael Lz HB<\/a> sur\u00a0<a href=\"https:\/\/www.facebook.com\/photo.php?fbid=2480797272208323&#038;set=a.1376153892672672&#038;type=3\">Vendredi 28 juin 2019<\/a><\/p>\n<\/blockquote>\n<\/div>\n<p>Rappelons que la fronti\u00e8re entre le Maroc et l\u2019Alg\u00e9rie est ferm\u00e9e depuis 1994 en raison de divergences politiques entre les deux pays, notamment autour du dossier de la r\u00e9gion du Sahara, qui d\u00e9tient la souverainet\u00e9 de Rabat, tandis que l\u2019Alg\u00e9rie soutient l\u2019appel du \u00ab\u00a0Front Polisario\u00a0\u00bb.<\/p>\n<div class=\"c17\">\n<fieldset class=\"c16\">\n<legend><strong><span class=\"c11\">Challenge<\/span><span class=\"c12\">news<\/span><\/strong><\/legend>\n<div class=\"c15\">Le meilleur de la r\u00e9daction s\u00e9lectionn\u00e9 par Challenge :<\/p>\n<\/div>\n<\/fieldset>\n<\/div>\n<p>Auteur: Hajar DARI<br \/>\n<a href=\"https:\/\/www.challenge.ma\/can-2019-les-marocains-supportent-lalgerie-apres-lelimination-des-lions-de-latlas-112582\/\">Cliquez ici pour lire l&rsquo;article depuis sa source.<\/a><\/p>\n","protected":false},"excerpt":{"rendered":"<p>Les Marocains ont choisi d\u2019encourager l\u2019Alg\u00e9rie dans son parcours \u00e0 la phase finale de la Coupe d\u2019Afrique des Nations organis\u00e9e en Egypte apr\u00e8s leur grande d\u00e9ception suite \u00e0 l\u2019\u00e9limination des l\u2019\u00e9quipe nationale. L\u2019image de la ville de F\u00e8s, des citoyens marocains qui regardent un match de l\u2019\u00e9quipe nationale alg\u00e9rienne, tandis qu\u2019une grande banderole affich\u00e9e dans [&hellip;]<\/p>\n","protected":false},"author":1787,"featured_media":45711,"comment_status":"closed","ping_status":"closed","sticky":false,"template":"","format":"standard","meta":{"fifu_image_url":"","fifu_image_alt":"","footnotes":""},"categories":[78,54],"tags":[],"class_list":["post-45710","post","type-post","status-publish","format-standard","has-post-thumbnail","hentry","category-economie","category-maroc"],"_links":{"self":[{"href":"https:\/\/linitiative.ca\/International\/wp-json\/wp\/v2\/posts\/45710","targetHints":{"allow":["GET"]}}],"collection":[{"href":"https:\/\/linitiative.ca\/International\/wp-json\/wp\/v2\/posts"}],"about":[{"href":"https:\/\/linitiative.ca\/International\/wp-json\/wp\/v2\/types\/post"}],"author":[{"embeddable":true,"href":"https:\/\/linitiative.ca\/International\/wp-json\/wp\/v2\/users\/1787"}],"replies":[{"embeddable":true,"href":"https:\/\/linitiative.ca\/International\/wp-json\/wp\/v2\/comments?post=45710"}],"version-history":[{"count":0,"href":"https:\/\/linitiative.ca\/International\/wp-json\/wp\/v2\/posts\/45710\/revisions"}],"wp:featuredmedia":[{"embeddable":true,"href":"https:\/\/linitiative.ca\/International\/wp-json\/"}],"wp:attachment":[{"href":"https:\/\/linitiative.ca\/International\/wp-json\/wp\/v2\/media?parent=45710"}],"wp:term":[{"taxonomy":"category","embeddable":true,"href":"https:\/\/linitiative.ca\/International\/wp-json\/wp\/v2\/categories?post=45710"},{"taxonomy":"post_tag","embeddable":true,"href":"https:\/\/linitiative.ca\/International\/wp-json\/wp\/v2\/tags?post=45710"}],"curies":[{"name":"wp","href":"https:\/\/api.w.org\/{rel}","templated":true}]}}