{"id":45713,"date":"2019-07-11T13:29:43","date_gmt":"2019-07-11T17:29:43","guid":{"rendered":"https:\/\/linitiative.ca\/International\/asma-invest-lance-un-nouveau-projet-immobilier-a-casablanca\/"},"modified":"2019-07-11T13:29:43","modified_gmt":"2019-07-11T17:29:43","slug":"asma-invest-lance-un-nouveau-projet-immobilier-a-casablanca","status":"publish","type":"post","link":"https:\/\/linitiative.ca\/International\/asma-invest-lance-un-nouveau-projet-immobilier-a-casablanca\/","title":{"rendered":"Asma Invest lance un nouveau projet immobilier \u00e0 Casablanca"},"content":{"rendered":"<p><strong>Asma Invest poursuit son d\u00e9veloppement dans le secteur immobilier. Le groupe vient, en effet, de lancer son deuxi\u00e8me grand projet baptis\u00e9 Occitania \u00e0 Casablanca.<\/strong><\/p>\n<div class=\"c10\"\/>\n<p>Conscient du rythme de vie des Casablancais et de l\u2019importance de l\u2019am\u00e9lioration de leur <strong>qualit\u00e9 de vie<\/strong>, ce projet a \u00e9t\u00e9 pens\u00e9 pour r\u00e9pondre \u00e0 de nouveaux besoins typiquement urbains. <strong>Occitania<\/strong> jouit d\u2019un emplacement au centre de Casablanca et b\u00e9n\u00e9ficie d\u2019une proximit\u00e9 imm\u00e9diate de tous les quartiers business et loisirs, d\u2019\u00e9coles, de club de sports et d\u2019un parc de plus de 50 HA en plus d\u2019une accessibilit\u00e9 optimale.<\/p>\n<p>\u00ab L\u2019id\u00e9e pour nous est de permettre \u00e0 nos r\u00e9sidents de profiter pleinement des avantages de la vie \u00e0 Casablanca sans en subir les contraintes \u00bb, souligne Hicham Safir, directeur g\u00e9n\u00e9ral de <strong>Asma Invest<\/strong>. Notons qu\u2019en termes de qualit\u00e9 de vie et de bien-\u00eatre, ce projet immobilier apporte de nouvelles solutions concr\u00e8tes et pratiques pour la vie de tous les jours \u00e0 travers les divers \u00e9quipements novateurs qu\u2019elle propose. D\u2019abord, une architecture de caract\u00e8re, moderne et cr\u00e9ative avec une orientation favorable \u00e0 l\u2019ensoleillement et \u00e0 la ventilation.<\/p>\n<p>Lire aussi :<\/p>\n<p>Un agencement des espaces pens\u00e9 pour respecter l\u2019intimit\u00e9 de nos r\u00e9sidents en leur donnant la possibilit\u00e9 de vivre sans vis-\u00e0-vis dans des appartements avec des finitions raffin\u00e9es. Le projet propose \u00e9galement, \u00e0 travers <strong>Occitania Business Square<\/strong>, un ensemble de bureaux modernes offrant des espaces de travail modulables, innovants et confortables \u00e0 3 minutes seulement de la nouvelle place financi\u00e8re CFC.<\/p>\n<p>Rappelons que le groupe Asma Invest op\u00e8re dans plusieurs secteurs et que dans l\u2019<strong>immobilier<\/strong>, c\u2019est sa filiale Asma Club qui porte ses ambtions \u00e0 travers de nombreux projets lanc\u00e9s dans plusieurs villes du royaume.<\/p>\n<div class=\"c17\">\n<fieldset class=\"c16\">\n<legend><strong><span class=\"c11\">Challenge<\/span><span class=\"c12\">news<\/span><\/strong><\/legend>\n<div class=\"c15\">Le meilleur de la r\u00e9daction s\u00e9lectionn\u00e9 par Challenge :<\/p>\n<\/div>\n<\/fieldset>\n<\/div>\n<p>Auteur: challenge<br \/>\n<a href=\"https:\/\/www.challenge.ma\/asma-invest-lance-un-nouveau-projet-immobilier-a-casablanca-112615\/\">Cliquez ici pour lire l&rsquo;article depuis sa source.<\/a><\/p>\n","protected":false},"excerpt":{"rendered":"<p>Asma Invest poursuit son d\u00e9veloppement dans le secteur immobilier. Le groupe vient, en effet, de lancer son deuxi\u00e8me grand projet baptis\u00e9 Occitania \u00e0 Casablanca. Conscient du rythme de vie des Casablancais et de l\u2019importance de l\u2019am\u00e9lioration de leur qualit\u00e9 de vie, ce projet a \u00e9t\u00e9 pens\u00e9 pour r\u00e9pondre \u00e0 de nouveaux besoins typiquement urbains. Occitania [&hellip;]<\/p>\n","protected":false},"author":1787,"featured_media":0,"comment_status":"closed","ping_status":"closed","sticky":false,"template":"","format":"standard","meta":{"fifu_image_url":"","fifu_image_alt":"","footnotes":""},"categories":[78,54],"tags":[],"class_list":["post-45713","post","type-post","status-publish","format-standard","hentry","category-economie","category-maroc"],"_links":{"self":[{"href":"https:\/\/linitiative.ca\/International\/wp-json\/wp\/v2\/posts\/45713","targetHints":{"allow":["GET"]}}],"collection":[{"href":"https:\/\/linitiative.ca\/International\/wp-json\/wp\/v2\/posts"}],"about":[{"href":"https:\/\/linitiative.ca\/International\/wp-json\/wp\/v2\/types\/post"}],"author":[{"embeddable":true,"href":"https:\/\/linitiative.ca\/International\/wp-json\/wp\/v2\/users\/1787"}],"replies":[{"embeddable":true,"href":"https:\/\/linitiative.ca\/International\/wp-json\/wp\/v2\/comments?post=45713"}],"version-history":[{"count":0,"href":"https:\/\/linitiative.ca\/International\/wp-json\/wp\/v2\/posts\/45713\/revisions"}],"wp:attachment":[{"href":"https:\/\/linitiative.ca\/International\/wp-json\/wp\/v2\/media?parent=45713"}],"wp:term":[{"taxonomy":"category","embeddable":true,"href":"https:\/\/linitiative.ca\/International\/wp-json\/wp\/v2\/categories?post=45713"},{"taxonomy":"post_tag","embeddable":true,"href":"https:\/\/linitiative.ca\/International\/wp-json\/wp\/v2\/tags?post=45713"}],"curies":[{"name":"wp","href":"https:\/\/api.w.org\/{rel}","templated":true}]}}