{"id":45718,"date":"2019-07-11T12:53:46","date_gmt":"2019-07-11T16:53:46","guid":{"rendered":"https:\/\/linitiative.ca\/International\/tunisie-le-kef-les-centres-de-collecte-de-grains-debordes-les-agriculteurs-protestent\/"},"modified":"2019-07-11T12:53:46","modified_gmt":"2019-07-11T16:53:46","slug":"tunisie-le-kef-les-centres-de-collecte-de-grains-debordes-les-agriculteurs-protestent","status":"publish","type":"post","link":"https:\/\/linitiative.ca\/International\/tunisie-le-kef-les-centres-de-collecte-de-grains-debordes-les-agriculteurs-protestent\/","title":{"rendered":"Tunisie \u2013 Le Kef\u00a0: Les centres de collecte de grains d\u00e9bord\u00e9s. Les agriculteurs protestent"},"content":{"rendered":"<div class=\"post-cont-in left relative\">\n<div class=\"swp_social_panel swp_horizontal_panel swp_flat_fresh swp_default_full_color swp_individual_full_color swp_other_full_color scale-100 scale-\" data-min-width=\"1100\" data-float-color=\"#ffffff\" data-float=\"none\" data-float-mobile=\"none\" data-transition=\"slide\">\n<div class=\"nc_tweetContainer swp_share_button total_shares total_sharesalt\"><span class=\"swp_count\">69 <span class=\"swp_label\">Partages<\/span><\/span><\/div>\n<\/div>\n<p>Les centres de collecte des grains au niveau de la r\u00e9gion du Kef sont satur\u00e9s et refusent les quantit\u00e9s ramen\u00e9es par les agriculteurs, au fur et \u00e0 mesure de la moisson.<\/p>\n<p>Les agriculteurs qui se voient refuser l\u2019acc\u00e8s aux centres de collecte et qui restent avec leur r\u00e9colte sur les bras ont protest\u00e9, ce jeudi, en bloquant l\u2019acc\u00e8s \u00e0 la ville avec leurs camions et tracteurs, pour demander aux autorit\u00e9s une solution \u00e0 leur situation.<\/p>\n<div class=\"code-block code-block-1 c3\"><ins class=\"adsbygoogle c2\" data-ad-layout=\"in-article\" data-ad-format=\"fluid\" data-ad-client=\"ca-pub-2102118777505746\" data-ad-slot=\"7301775417\"\/> <\/div>\n<div class=\"mvp-org-wrap mvp-org-logo\" itemprop=\"publisher\" itemscope=\"\" itemtype=\"https:\/\/schema.org\/Organization\"><img decoding=\"async\" src=\"https:\/\/www.tunisienumerique.com\/wp-content\/uploads\/2017\/02\/logo_tunisie_numerique.png\"\/><\/div>\n<div class=\"swp_social_panel swp_horizontal_panel swp_flat_fresh swp_default_full_color swp_individual_full_color swp_other_full_color scale-100 scale-\" data-min-width=\"1100\" data-float-color=\"#ffffff\" data-float=\"none\" data-float-mobile=\"none\" data-transition=\"slide\">\n<div class=\"nc_tweetContainer swp_share_button total_shares total_sharesalt\"><span class=\"swp_count\">69 <span class=\"swp_label\">Partages<\/span><\/span><\/div>\n<\/div>\n<div class=\"mvp-related-posts left relative\">\n<h4 class=\"post-header\"><span class=\"post-header\">Lire aussi<\/span><\/h4>\n<\/div>\n<\/div>\n<p>Auteur: LM<br \/>\n<a href=\"https:\/\/www.tunisienumerique.com\/tunisie-le-kef-les-centres-de-collecte-de-grains-debordes-les-agriculteurs-protestent\/\">Cliquez ici pour lire l&rsquo;article depuis sa source.<\/a><\/p>\n","protected":false},"excerpt":{"rendered":"<p>69 Partages Les centres de collecte des grains au niveau de la r\u00e9gion du Kef sont satur\u00e9s et refusent les quantit\u00e9s ramen\u00e9es par les agriculteurs, au fur et \u00e0 mesure de la moisson. Les agriculteurs qui se voient refuser l\u2019acc\u00e8s aux centres de collecte et qui restent avec leur r\u00e9colte sur les bras ont protest\u00e9, [&hellip;]<\/p>\n","protected":false},"author":1789,"featured_media":45719,"comment_status":"closed","ping_status":"closed","sticky":false,"template":"","format":"standard","meta":{"fifu_image_url":"","fifu_image_alt":"","footnotes":""},"categories":[73,55],"tags":[],"class_list":["post-45718","post","type-post","status-publish","format-standard","has-post-thumbnail","hentry","category-actualite","category-tunisie"],"_links":{"self":[{"href":"https:\/\/linitiative.ca\/International\/wp-json\/wp\/v2\/posts\/45718","targetHints":{"allow":["GET"]}}],"collection":[{"href":"https:\/\/linitiative.ca\/International\/wp-json\/wp\/v2\/posts"}],"about":[{"href":"https:\/\/linitiative.ca\/International\/wp-json\/wp\/v2\/types\/post"}],"author":[{"embeddable":true,"href":"https:\/\/linitiative.ca\/International\/wp-json\/wp\/v2\/users\/1789"}],"replies":[{"embeddable":true,"href":"https:\/\/linitiative.ca\/International\/wp-json\/wp\/v2\/comments?post=45718"}],"version-history":[{"count":0,"href":"https:\/\/linitiative.ca\/International\/wp-json\/wp\/v2\/posts\/45718\/revisions"}],"wp:featuredmedia":[{"embeddable":true,"href":"https:\/\/linitiative.ca\/International\/wp-json\/"}],"wp:attachment":[{"href":"https:\/\/linitiative.ca\/International\/wp-json\/wp\/v2\/media?parent=45718"}],"wp:term":[{"taxonomy":"category","embeddable":true,"href":"https:\/\/linitiative.ca\/International\/wp-json\/wp\/v2\/categories?post=45718"},{"taxonomy":"post_tag","embeddable":true,"href":"https:\/\/linitiative.ca\/International\/wp-json\/wp\/v2\/tags?post=45718"}],"curies":[{"name":"wp","href":"https:\/\/api.w.org\/{rel}","templated":true}]}}