{"id":45720,"date":"2019-07-11T13:08:45","date_gmt":"2019-07-11T17:08:45","guid":{"rendered":"https:\/\/linitiative.ca\/International\/tunisie-deces-dun-motard-de-la-garde-nationale-suite-a-un-accident-de-la-route\/"},"modified":"2019-07-11T13:08:45","modified_gmt":"2019-07-11T17:08:45","slug":"tunisie-deces-dun-motard-de-la-garde-nationale-suite-a-un-accident-de-la-route","status":"publish","type":"post","link":"https:\/\/linitiative.ca\/International\/tunisie-deces-dun-motard-de-la-garde-nationale-suite-a-un-accident-de-la-route\/","title":{"rendered":"Tunisie \u2013 D\u00e9c\u00e8s d\u2019un motard de la garde nationale suite \u00e0 un accident de la route"},"content":{"rendered":"<div class=\"post-cont-in left relative\">\n<div class=\"swp_social_panel swp_horizontal_panel swp_flat_fresh swp_default_full_color swp_individual_full_color swp_other_full_color scale-100 scale-\" data-min-width=\"1100\" data-float-color=\"#ffffff\" data-float=\"none\" data-float-mobile=\"none\" data-transition=\"slide\">\n<div class=\"nc_tweetContainer swp_share_button total_shares total_sharesalt\"><span class=\"swp_count\">142 <span class=\"swp_label\">Partages<\/span><\/span><\/div>\n<\/div>\n<p>Un motard de la garde nationale qui avait \u00e9t\u00e9 percut\u00e9 hier, sur l\u2019autoroute A1, au niveau de la localit\u00e9 de Khanguet El Hajjej par un poids lourd, est d\u00e9c\u00e9d\u00e9 ce matin des suites de ses multiples traumatismes.<\/p>\n<p>Quatre autres personnes ont \u00e9t\u00e9 bless\u00e9es dans cet accident quand le poids lourd en question s\u2019est brusquement arr\u00eat\u00e9 et a \u00e9t\u00e9 embouti par derri\u00e8re par une voiture l\u00e9g\u00e8re.<\/p>\n<div class=\"code-block code-block-1 c3\"><ins class=\"adsbygoogle c2\" data-ad-layout=\"in-article\" data-ad-format=\"fluid\" data-ad-client=\"ca-pub-2102118777505746\" data-ad-slot=\"7301775417\"\/> <\/div>\n<div class=\"mvp-org-wrap mvp-org-logo\" itemprop=\"publisher\" itemscope=\"\" itemtype=\"https:\/\/schema.org\/Organization\"><img decoding=\"async\" src=\"https:\/\/www.tunisienumerique.com\/wp-content\/uploads\/2017\/02\/logo_tunisie_numerique.png\"\/><\/div>\n<div class=\"swp_social_panel swp_horizontal_panel swp_flat_fresh swp_default_full_color swp_individual_full_color swp_other_full_color scale-100 scale-\" data-min-width=\"1100\" data-float-color=\"#ffffff\" data-float=\"none\" data-float-mobile=\"none\" data-transition=\"slide\">\n<div class=\"nc_tweetContainer swp_share_button total_shares total_sharesalt\"><span class=\"swp_count\">142 <span class=\"swp_label\">Partages<\/span><\/span><\/div>\n<\/div>\n<div class=\"mvp-related-posts left relative\">\n<h4 class=\"post-header\"><span class=\"post-header\">Lire aussi<\/span><\/h4>\n<\/div>\n<\/div>\n<p>Auteur: LM<br \/>\n<a href=\"https:\/\/www.tunisienumerique.com\/tunisie-deces-dun-motard-de-la-garde-nationale-suite-a-un-accident-de-la-route\/\">Cliquez ici pour lire l&rsquo;article depuis sa source.<\/a><\/p>\n","protected":false},"excerpt":{"rendered":"<p>142 Partages Un motard de la garde nationale qui avait \u00e9t\u00e9 percut\u00e9 hier, sur l\u2019autoroute A1, au niveau de la localit\u00e9 de Khanguet El Hajjej par un poids lourd, est d\u00e9c\u00e9d\u00e9 ce matin des suites de ses multiples traumatismes. Quatre autres personnes ont \u00e9t\u00e9 bless\u00e9es dans cet accident quand le poids lourd en question s\u2019est [&hellip;]<\/p>\n","protected":false},"author":1789,"featured_media":45721,"comment_status":"closed","ping_status":"closed","sticky":false,"template":"","format":"standard","meta":{"fifu_image_url":"","fifu_image_alt":"","footnotes":""},"categories":[73,55],"tags":[],"class_list":["post-45720","post","type-post","status-publish","format-standard","has-post-thumbnail","hentry","category-actualite","category-tunisie"],"_links":{"self":[{"href":"https:\/\/linitiative.ca\/International\/wp-json\/wp\/v2\/posts\/45720","targetHints":{"allow":["GET"]}}],"collection":[{"href":"https:\/\/linitiative.ca\/International\/wp-json\/wp\/v2\/posts"}],"about":[{"href":"https:\/\/linitiative.ca\/International\/wp-json\/wp\/v2\/types\/post"}],"author":[{"embeddable":true,"href":"https:\/\/linitiative.ca\/International\/wp-json\/wp\/v2\/users\/1789"}],"replies":[{"embeddable":true,"href":"https:\/\/linitiative.ca\/International\/wp-json\/wp\/v2\/comments?post=45720"}],"version-history":[{"count":0,"href":"https:\/\/linitiative.ca\/International\/wp-json\/wp\/v2\/posts\/45720\/revisions"}],"wp:featuredmedia":[{"embeddable":true,"href":"https:\/\/linitiative.ca\/International\/wp-json\/"}],"wp:attachment":[{"href":"https:\/\/linitiative.ca\/International\/wp-json\/wp\/v2\/media?parent=45720"}],"wp:term":[{"taxonomy":"category","embeddable":true,"href":"https:\/\/linitiative.ca\/International\/wp-json\/wp\/v2\/categories?post=45720"},{"taxonomy":"post_tag","embeddable":true,"href":"https:\/\/linitiative.ca\/International\/wp-json\/wp\/v2\/tags?post=45720"}],"curies":[{"name":"wp","href":"https:\/\/api.w.org\/{rel}","templated":true}]}}