{"id":45734,"date":"2019-07-11T16:32:17","date_gmt":"2019-07-11T20:32:17","guid":{"rendered":"https:\/\/linitiative.ca\/International\/macron-et-akufo-addo-face-aux-diasporas-africaines\/"},"modified":"2019-07-11T16:32:17","modified_gmt":"2019-07-11T20:32:17","slug":"macron-et-akufo-addo-face-aux-diasporas-africaines","status":"publish","type":"post","link":"https:\/\/linitiative.ca\/International\/macron-et-akufo-addo-face-aux-diasporas-africaines\/","title":{"rendered":"MACRON ET AKUFO-ADDO FACE AUX DIASPORAS AFRICAINES"},"content":{"rendered":"<div class=\"stream-item stream-item-above-post-content\">\n<p><noscript><\/p>\n<p><a href=\"\/\/www3.smartadserver.com\/ac?jump=1&#038;nwid=2136&#038;siteid=240610&#038;pgname=rg&#038;fmtid=49046&#038;visit=m&#038;tmstp=[timestamp]&#038;out=nonrich\" target=\"_blank\" rel=\"noopener noreferrer\"><img decoding=\"async\" src=\"\/\/www3.smartadserver.com\/ac?out=nonrich&#038;nwid=2136&#038;siteid=240610&#038;pgname=rg&#038;fmtid=49046&#038;visit=m&#038;tmstp=[timestamp]\" border=\"0\" alt=\"\"\/><\/a><\/p>\n<p><\/noscript><\/div>\n<p class=\"c3\"><em>Emmanuel Macron a convi\u00e9, hier jeudi 11 juillet 2019, son homologue ghan\u00e9en, Nana Akufo-Addo, \u00e0 r\u00e9pondre, avec lui, aux questions des repr\u00e9sentants des diasporas africaines. Les deux pr\u00e9sidents ont eu face \u00e0 eux environ 350 repr\u00e9sentants des diasporas africaines en France. Par l\u00e0, le grand chef des Blancs, pour parler comme Ferdinand Oyono dans Le Vieux n\u00e8gre et la m\u00e9daille, entend donner une autre image aux relations entre son pays et l\u2019Afrique. Et cette volont\u00e9 de ne pas marcher sur les sentiers battus emprunt\u00e9s par bien de ses pr\u00e9d\u00e9cesseurs, peut se percevoir \u00e0 trois niveaux. Il y a d\u2019abord, le profil du pr\u00e9sident qui a eu l\u2019honneur d\u2019\u00eatre associ\u00e9 \u00e0 l\u2019exercice. Nana Akufo-Addo, puisque c\u2019est de lui qu\u2019il s\u2019agit, est un pr\u00e9sident d\u2019un pays qui a la langue de Shakespeare comme langue officielle. Le premier signe de rupture est donc d\u2019ordre linguistique.<\/em><\/p>\n<p class=\"c3\"><strong>Akufo-Addo est un pr\u00e9sident qui peut \u00eatre cit\u00e9 en exemple en mati\u00e8re de d\u00e9mocratie<\/strong><\/p>\n<p class=\"c3\"><em>Et cela est loin d\u2019\u00eatre anodin. Il ne s\u2019agit pas, en effet, d\u2019une rencontre pour magnifier la langue fran\u00e7aise mais pour parler de l\u2019Afrique au-del\u00e0 des barri\u00e8res linguistiques. Et cela est une des marques de la vision de Macron, du type de relations que son pays doit entretenir d\u00e9sormais avec le continent noir. Le deuxi\u00e8me \u00e9l\u00e9ment en relation avec le profil de l\u2019invit\u00e9 est d\u2019ordre politique.<\/em><br \/><em>En effet, Akufo-Addo est un pr\u00e9sident qui peut \u00eatre cit\u00e9 en exemple en mati\u00e8re de d\u00e9mocratie et de bonne gouvernance. Il repr\u00e9sente donc le symbole de cette Afrique r\u00e9solument tourn\u00e9e vers des valeurs largement partag\u00e9es par le monde occidental.\u00a0 Au-del\u00e0 de la personne du pr\u00e9sident ghan\u00e9en, Macron veut rendre hommage \u00e0 cette Afrique-l\u00e0. Le troisi\u00e8me et dernier \u00e9l\u00e9ment en lien avec le profil de l\u2019invit\u00e9, est ceci : Nana Akufo-Addo est un homme qui n\u2019a pas sa langue dans la poche. Et quand il ass\u00e8ne ses v\u00e9rit\u00e9s, il ne se pr\u00e9occupe pas de savoir si cela pla\u00eet ou non \u00e0 son interlocuteur. On se souvient, en effet, que lors du d\u00e9placement de Macron au Ghana, en novembre 2017, il n\u2019avait pas h\u00e9sit\u00e9 \u00e0 d\u00e9noncer le paternalisme europ\u00e9en et une politique de coop\u00e9ration obsol\u00e8te.<\/em> <em>\u00ab On ne peut pas continuer \u00e0 faire des politiques pour nous, dans nos pays, dans nos r\u00e9gions, sur notre continent, sur la base du soutien que le monde occidental, la France ou l\u2019Union europ\u00e9enne, voudraient bien nous donner \u00bb, avait martel\u00e9 le pr\u00e9sident ghan\u00e9en. Le ton taquin rappelle celui de son illustre pr\u00e9d\u00e9cesseur, Kwame N\u2019Krumah et celui de Thomas Sankara. Et l\u2019on peut avoir l\u2019impression qu\u2019Emmanuel Macron raffole de ce genre de discours, allant m\u00eame jusqu\u2019\u00e0 faire de ses plus virulents pourfendeurs, des alli\u00e9s. C\u2019est cette logique-l\u00e0 qui l\u2019avait conduit, peut-on dire, \u00e0 rencontrer les \u00e9tudiants \u00e0 l\u2019universit\u00e9 de Ouagadougou lors de sa visite au Burkina. C\u2019est elle \u00e9galement qui l\u2019a sans doute motiv\u00e9 \u00e0 \u00e9changer en live avec les repr\u00e9sentants des diasporas africaines de France. Le deuxi\u00e8me niveau qui illustre le fait que Macron se refuse \u00e0 faire comme ses pr\u00e9d\u00e9cesseurs, est li\u00e9 \u00e0 la forme de ses \u00e9changes avec l\u2019Afrique. En la mati\u00e8re, il pr\u00e9f\u00e8re le contact direct avec les forces vives de l\u2019Afrique aux discours politiquement soign\u00e9s et arrang\u00e9s. Ce style, il l\u2019a exp\u00e9riment\u00e9 \u00e0 Ouaga. Et tout laisse croire qu\u2019il en a \u00e9t\u00e9 s\u00e9duit puisqu\u2019il a reconduit le m\u00eame style \u00e0 l\u2019occasion de cette rencontre avec les diasporas africaines.<\/em><\/p>\n<p class=\"c3\"><strong>En rencontrant les diasporas africaines de France, le pr\u00e9sident fran\u00e7ais envoie un message fort \u00e0 l\u2019ensemble du continent<\/strong><\/p>\n<p class=\"c3\"><em>La diff\u00e9rence est que cette fois-ci, il a eu affaire \u00e0 un auditoire suffisamment averti pour se hisser \u00e0 la hauteur des d\u00e9bats. Et c\u2019est tout ce qu\u2019Emmanuel Macron avait esp\u00e9r\u00e9 en initiant cette rencontre.<\/em><br \/><em>Enfin, le troisi\u00e8me \u00e9l\u00e9ment qui participe de la marque de fabrique de Emmanuel Macron, se rapporte aux th\u00e9matiques qu\u2019il d\u00e9veloppe. Chez ce pr\u00e9sident, il n\u2019y a pas de sujets qui f\u00e2chent encore moins de sujets tabous. Et le choix des diasporas africaines se justifie d\u2019autant plus que celles-ci peuvent \u00eatre des relais en Afrique et en m\u00eame temps en France. Visiblement, Emmanuel Macron a besoin de leurs critiques et suggestions pour b\u00e2tir une politique africaine de la France non pas exclusivement tourn\u00e9e vers les blessures coloniales du pass\u00e9, mais bas\u00e9e sur la recherche collective et r\u00e9fl\u00e9chie des solutions aux nombreux probl\u00e8mes qui se posent \u00e0 l\u2019Afrique. Si cela doit passer par l\u2019abandon par exemple du F CFA, Emmanuel Macron n\u2019y verrait aucun inconv\u00e9nient. Et ce th\u00e8me a \u00e9t\u00e9 \u00e9voqu\u00e9 tout r\u00e9cemment par Alassane Ouattara lors de sa toute derni\u00e8re visite \u00e0 Paris. En r\u00e9alit\u00e9, Emmanuel Macron est conscient que la France doit imp\u00e9rativement regarder l\u2019Afrique avec de nouvelles lunettes. Car, de plus en plus, l\u2019Afrique des b\u00e9ni oui-oui et de d\u00e9ification des anciennes puissances coloniales, est en train de rendre l\u2019\u00e2me. Sur ses cendres na\u00eetra une Afrique d\u00e9complex\u00e9e et hardie qui posera les bonnes questions non seulement \u00e0 l\u2019Occident, mais aussi \u00e0 ses dirigeants qui, depuis les ind\u00e9pendances, semblent en panne d\u2019id\u00e9es pour d\u00e9velopper le continent. Et ceux qui portent cette forte aspiration au changement, sont la jeunesse et les organisations de la soci\u00e9t\u00e9 civile. Emmanuel Macron n\u2019a pas d\u2019autre choix, dans l\u2019int\u00e9r\u00eat bien s\u00fbr de son pays, que de jeter son d\u00e9volu sur cette Afrique-l\u00e0. Et le choix de Ouagadougou pour sa premi\u00e8re visite en Afrique au Sud du Sahara, est un clin d\u2019\u0153il \u00e0 cette jeunesse debout. Et en rencontrant les diasporas africaines de France, et cela en compagnie du tr\u00e8s d\u00e9mocrate et anglophone Nana Akufo-Addo, le pr\u00e9sident fran\u00e7ais envoie un message fort \u00e0 l\u2019ensemble du continent. Celui-ci pourrait \u00eatre r\u00e9sum\u00e9 ainsi qu\u2019il suit\u00a0: je m\u2019engage avec vous \u00e0 un renouveau des relations franco-africaines.<\/em><\/p>\n<p class=\"c3\">\u00ab\u00a0Le Pays\u00a0\u00bb<\/p>\n<p>Auteur: Le Pays<br \/>\n<a href=\"http:\/\/lepays.bf\/macron-et-akufo-addo-face-aux-diasporas-africaines\/\">Cliquez ici pour lire l&rsquo;article depuis sa source.<\/a><\/p>\n","protected":false},"excerpt":{"rendered":"<p>Emmanuel Macron a convi\u00e9, hier jeudi 11 juillet 2019, son homologue ghan\u00e9en, Nana Akufo-Addo, \u00e0 r\u00e9pondre, avec lui, aux questions des repr\u00e9sentants des diasporas africaines. Les deux pr\u00e9sidents ont eu face \u00e0 eux environ 350 repr\u00e9sentants des diasporas africaines en France. Par l\u00e0, le grand chef des Blancs, pour parler comme Ferdinand Oyono dans Le [&hellip;]<\/p>\n","protected":false},"author":1813,"featured_media":0,"comment_status":"closed","ping_status":"closed","sticky":false,"template":"","format":"standard","meta":{"fifu_image_url":"","fifu_image_alt":"","footnotes":""},"categories":[73,81],"tags":[],"class_list":["post-45734","post","type-post","status-publish","format-standard","hentry","category-actualite","category-burkina-faso"],"_links":{"self":[{"href":"https:\/\/linitiative.ca\/International\/wp-json\/wp\/v2\/posts\/45734","targetHints":{"allow":["GET"]}}],"collection":[{"href":"https:\/\/linitiative.ca\/International\/wp-json\/wp\/v2\/posts"}],"about":[{"href":"https:\/\/linitiative.ca\/International\/wp-json\/wp\/v2\/types\/post"}],"author":[{"embeddable":true,"href":"https:\/\/linitiative.ca\/International\/wp-json\/wp\/v2\/users\/1813"}],"replies":[{"embeddable":true,"href":"https:\/\/linitiative.ca\/International\/wp-json\/wp\/v2\/comments?post=45734"}],"version-history":[{"count":0,"href":"https:\/\/linitiative.ca\/International\/wp-json\/wp\/v2\/posts\/45734\/revisions"}],"wp:attachment":[{"href":"https:\/\/linitiative.ca\/International\/wp-json\/wp\/v2\/media?parent=45734"}],"wp:term":[{"taxonomy":"category","embeddable":true,"href":"https:\/\/linitiative.ca\/International\/wp-json\/wp\/v2\/categories?post=45734"},{"taxonomy":"post_tag","embeddable":true,"href":"https:\/\/linitiative.ca\/International\/wp-json\/wp\/v2\/tags?post=45734"}],"curies":[{"name":"wp","href":"https:\/\/api.w.org\/{rel}","templated":true}]}}