{"id":45736,"date":"2019-07-11T16:38:25","date_gmt":"2019-07-11T20:38:25","guid":{"rendered":"https:\/\/linitiative.ca\/International\/apposition-dimages-dissuasives-sur-les-paquets-de-cigarettes\/"},"modified":"2019-07-11T16:38:25","modified_gmt":"2019-07-11T20:38:25","slug":"apposition-dimages-dissuasives-sur-les-paquets-de-cigarettes","status":"publish","type":"post","link":"https:\/\/linitiative.ca\/International\/apposition-dimages-dissuasives-sur-les-paquets-de-cigarettes\/","title":{"rendered":"APPOSITION D\u2019IMAGES DISSUASIVES SUR LES PAQUETS DE CIGARETTES"},"content":{"rendered":"<div class=\"stream-item stream-item-above-post-content\">\n<p><noscript><\/p>\n<p><a href=\"\/\/www3.smartadserver.com\/ac?jump=1&#038;nwid=2136&#038;siteid=240610&#038;pgname=rg&#038;fmtid=49046&#038;visit=m&#038;tmstp=[timestamp]&#038;out=nonrich\" target=\"_blank\" rel=\"noopener noreferrer\"><img decoding=\"async\" src=\"\/\/www3.smartadserver.com\/ac?out=nonrich&#038;nwid=2136&#038;siteid=240610&#038;pgname=rg&#038;fmtid=49046&#038;visit=m&#038;tmstp=[timestamp]\" border=\"0\" alt=\"\"\/><\/a><\/p>\n<p><\/noscript><\/div>\n<p class=\"c3\"><em>\u00c7a y est\u00a0! Depuis le 1er juillet 2019, les paquets de cigarettes seront vendus au Burkina Faso, avec des images choquantes au recto ou au verso et ce, conform\u00e9ment \u00e0 la loi anti-tabac de novembre 2010. Les consommateurs y d\u00e9couvriront l\u2019image d\u2019un homme atteint d\u2019un cancer de la bouche avec des joues \u00e9paissies, des plaques blanches et des l\u00e9sions sur les l\u00e8vres. L\u2019objectif, pour ainsi dire, de cette image, est de d\u00e9courager les fumeurs. J\u2019avoue que, personnellement, j\u2019ai applaudi \u00e0 tout rompre quand j\u2019ai entendu une telle mesure. Cela, d\u2019autant que ce sont plus de 7 milliards de b\u00e2tons de cigarettes qui inondent le march\u00e9 burkinab\u00e8 depuis 2018. Pour moi, il s\u2019agit d\u2019une victoire d\u2019\u00e9tape dans la lutte contre le tabagisme qui, selon les statistiques, fait plus de 4 800 victimes par an, \u00e0 travers le monde. Quant au Burkina Faso, il conna\u00eet une pr\u00e9valence de 17,5% de fumeurs. En tout cas, pour ma part, les autorit\u00e9s burkinab\u00e8 ont vu juste. Il leur revient maintenant de veiller au strict respect de cette mesure en proc\u00e9dant \u00e0 la r\u00e9pression s\u00e9v\u00e8re de tout contrevenant. De m\u00eame, je souhaite que les autorit\u00e9s s\u00e9vissent contre ceux-l\u00e0 qui, en d\u00e9pit des campagnes de sensibilisation men\u00e9es \u00e7\u00e0 et l\u00e0, continuent de fumer dans les lieux publics et ce, sans aucun respect pour les autres. Je pense qu\u2019il est maintenant temps de proc\u00e9der \u00e0 la r\u00e9pression.<\/em><\/p>\n<p class=\"c3\"><strong><em>On peut aussi exiger des doloti\u00e8res qu\u2019elles affichent dans leurs coins de vente, des images choquantes d\u2019un soulard atteint de d\u00e9mence<\/em><\/strong><\/p>\n<p class=\"c3\"><em>Sans doute cela servira-t-il de le\u00e7on \u00e0 tous les apprentis sorciers. Cela dit, tout en f\u00e9licitant les autorit\u00e9s pour l\u2019adoption d\u2019une loi imposant l\u2019apposition d\u2019une image dissuasive obligatoire sur les paquets de cigarettes, je voudrais attirer leur attention sur un autre aspect. Pourquoi ne pas en faire autant pour les boissons alcoolis\u00e9es\u00a0? Car, autant la cigarette tue, autant les boisons alcoolis\u00e9es tuent. Et il suffit de faire un tour dans certains villages du Burkina pour savoir que je ne suis pas en train de parler dans le vide. Je n\u2019ai pas de chiffres officiels mais je sais qu\u2019il y a de nombreux d\u00e9c\u00e8s li\u00e9s \u00e0 la consommation de boissons alcoolis\u00e9es. Et qui dit boissons alcoolis\u00e9es parle de la bi\u00e8re, du vin et bien entendu du dolo. Eh oui, on peut aussi exiger des doloti\u00e8res qu\u2019elles affichent dans leurs coins de vente, des images choquantes d\u2019un soulard atteint de d\u00e9mence, de cancer ou je ne sais quoi. J\u2019oublie volontiers les liqueurs qui sont de loin tr\u00e8s nuisibles \u00e0 la sant\u00e9 et qui ont contribu\u00e9 \u00e0 d\u00e9truire de nombreux bras valides. Voyez-vous\u00a0? Il n\u2019y a donc pas que la cigarette. Pour cela, je souhaite que les autorit\u00e9s y r\u00e9fl\u00e9chissent. Je ne dis pas d\u2019interdire la vente des boissons alcoolis\u00e9es. Non, tel n\u2019est pas mon propos, puisque moi-m\u00eame j\u2019en consomme. Je demande seulement d\u2019encadrer le secteur pour \u00e9viter les d\u00e9rives que l\u2019on constate. Je sais que beaucoup, en me lisant, ne seront pas contents parce qu\u2019ils voient ainsi leurs int\u00e9r\u00eats menac\u00e9s. Mais ils oublient que pour moi, seul prime l\u2019int\u00e9r\u00eat g\u00e9n\u00e9ral. Et au nom de cet int\u00e9r\u00eat g\u00e9n\u00e9ral, je ne sais pas faire dans le sentiment. Peu importe si cela me vaudra la furie des uns et la sympathie des autres.<\/em><\/p>\n<p class=\"c3\"><strong><em>\u00ab\u00a0Le Fou\u00a0\u00bb<\/em><\/strong><\/p>\n<p>Auteur: Le Pays<br \/>\n<a href=\"http:\/\/lepays.bf\/apposition-dimages-dissuasives-sur-les-paquets-de-cigarettes\/\">Cliquez ici pour lire l&rsquo;article depuis sa source.<\/a><\/p>\n","protected":false},"excerpt":{"rendered":"<p>\u00c7a y est\u00a0! Depuis le 1er juillet 2019, les paquets de cigarettes seront vendus au Burkina Faso, avec des images choquantes au recto ou au verso et ce, conform\u00e9ment \u00e0 la loi anti-tabac de novembre 2010. Les consommateurs y d\u00e9couvriront l\u2019image d\u2019un homme atteint d\u2019un cancer de la bouche avec des joues \u00e9paissies, des plaques [&hellip;]<\/p>\n","protected":false},"author":1813,"featured_media":0,"comment_status":"closed","ping_status":"closed","sticky":false,"template":"","format":"standard","meta":{"fifu_image_url":"","fifu_image_alt":"","footnotes":""},"categories":[73,81],"tags":[],"class_list":["post-45736","post","type-post","status-publish","format-standard","hentry","category-actualite","category-burkina-faso"],"_links":{"self":[{"href":"https:\/\/linitiative.ca\/International\/wp-json\/wp\/v2\/posts\/45736","targetHints":{"allow":["GET"]}}],"collection":[{"href":"https:\/\/linitiative.ca\/International\/wp-json\/wp\/v2\/posts"}],"about":[{"href":"https:\/\/linitiative.ca\/International\/wp-json\/wp\/v2\/types\/post"}],"author":[{"embeddable":true,"href":"https:\/\/linitiative.ca\/International\/wp-json\/wp\/v2\/users\/1813"}],"replies":[{"embeddable":true,"href":"https:\/\/linitiative.ca\/International\/wp-json\/wp\/v2\/comments?post=45736"}],"version-history":[{"count":0,"href":"https:\/\/linitiative.ca\/International\/wp-json\/wp\/v2\/posts\/45736\/revisions"}],"wp:attachment":[{"href":"https:\/\/linitiative.ca\/International\/wp-json\/wp\/v2\/media?parent=45736"}],"wp:term":[{"taxonomy":"category","embeddable":true,"href":"https:\/\/linitiative.ca\/International\/wp-json\/wp\/v2\/categories?post=45736"},{"taxonomy":"post_tag","embeddable":true,"href":"https:\/\/linitiative.ca\/International\/wp-json\/wp\/v2\/tags?post=45736"}],"curies":[{"name":"wp","href":"https:\/\/api.w.org\/{rel}","templated":true}]}}