{"id":45737,"date":"2019-07-11T16:24:12","date_gmt":"2019-07-11T20:24:12","guid":{"rendered":"https:\/\/linitiative.ca\/International\/formation-initiale-dofficiers-sapeurs-pompiers-23-soldats-africains-dignes-du-grade-dincendie\/"},"modified":"2019-07-11T16:24:12","modified_gmt":"2019-07-11T20:24:12","slug":"formation-initiale-dofficiers-sapeurs-pompiers-23-soldats-africains-dignes-du-grade-dincendie","status":"publish","type":"post","link":"https:\/\/linitiative.ca\/International\/formation-initiale-dofficiers-sapeurs-pompiers-23-soldats-africains-dignes-du-grade-dincendie\/","title":{"rendered":"Formation initiale d\u2019officiers sapeurs-pompiers  : 23 soldats africains dignes  du grade d\u2019incendie"},"content":{"rendered":"<div class=\"td-post-featured-image\"><a href=\"https:\/\/i1.wp.com\/www.sidwaya.info\/wp-content\/uploads\/2019\/07\/1-18.jpg?fit=738%2C493&#038;ssl=1\" data-caption=\"\"><img loading=\"lazy\" decoding=\"async\" width=\"696\" height=\"465\" class=\"entry-thumb td-modal-image\" src=\"https:\/\/i1.wp.com\/www.sidwaya.info\/wp-content\/uploads\/2019\/07\/1-18.jpg?resize=696%2C465&#038;ssl=1\" srcset=\"https:\/\/i1.wp.com\/www.sidwaya.info\/wp-content\/uploads\/2019\/07\/1-18.jpg?w=738&#038;ssl=1 738w, https:\/\/i1.wp.com\/www.sidwaya.info\/wp-content\/uploads\/2019\/07\/1-18.jpg?resize=300%2C200&#038;ssl=1 300w, https:\/\/i1.wp.com\/www.sidwaya.info\/wp-content\/uploads\/2019\/07\/1-18.jpg?resize=696%2C465&#038;ssl=1 696w, https:\/\/i1.wp.com\/www.sidwaya.info\/wp-content\/uploads\/2019\/07\/1-18.jpg?resize=629%2C420&#038;ssl=1 629w\" sizes=\"auto, (max-width: 696px) 100vw, 696px\" alt=\"\" title=\"1\"\/><\/a><\/div>\n<p><strong>L\u2019Institut sup\u00e9rieur d\u2019\u00e9tudes de protection civile (ISEPC) a organis\u00e9 la c\u00e9r\u00e9monie de fin de formation initiale des officiers sapeurs-pompiers, session 2019, le 11 juillet dernier \u00e0 Ouagadougou. Apr\u00e8s cinq mois de formation, 23 stagiaires (sur 24) ont \u00e9t\u00e9 d\u00e9clar\u00e9s aptes \u00e0 remplir la fonction de chef de grade incendie et ont re\u00e7u leurs parchemins.<\/strong><\/p>\n<p>Issus de 13 pays d\u2019Afrique, 24 stagiaires dont 3 Burkinab\u00e8 ont d\u00e9but\u00e9 des cours de formation initiale des officiers de sapeurs-pompiers, le 11 f\u00e9vrier 2019 \u00e0 l\u2019Institut sup\u00e9rieur d\u2019\u00e9tudes de protection civile (ISEPC). Cinq mois plus tard, 23 d\u2019entre eux ont \u00e9t\u00e9 d\u00e9clar\u00e9s dignes du grade incendie, apr\u00e8s les \u00e9valuations certificatives. La c\u00e9r\u00e9monie officielle de fin de formation s\u2019est d\u00e9roul\u00e9e, le mercredi 11 juin 2019 au sein de l\u2019Institut.<\/p>\n<p>Les r\u00e9sultats communiqu\u00e9s par le directeur de cours, le lieutenant, Jean Charles Tampanga, font \u00e9tat d\u2019un taux de r\u00e9ussite de 95,83% pour une moyenne g\u00e9n\u00e9rale de 14,60 sur 20. Avec 16,76 de moyenne sur 20, le sous-lieutenant, Pascal Beno\u00eet Oul\u00e9, du Burkina Faso, major de la promotion, s\u2019est dit fier et surtout enrichi des connaissances acquises qui lui permettront de participer activement \u00e0 la protection des personnes et \u00e0 la sauvegarde de leurs biens. Par la voix de leur d\u00e9l\u00e9gu\u00e9, les stagiaires ont promis de cultiver la bonne volont\u00e9, l\u2019abn\u00e9gation et la d\u00e9termination pour faire face aux demandes de secours des populations. Ce fut d\u2019ailleurs l\u2019un des conseils formul\u00e9s \u00e0 leur endroit par leur parrain, le g\u00e9n\u00e9ral de brigade, commandant la Brigade nationale des sapeurs-pompiers (BNSP) du S\u00e9n\u00e9gal, Mor Seck.\u00a0\u00abQuand on travaille sur des vies humaines, on n\u2019a pas droit \u00e0 l\u2019erreur. Vous devez ma\u00eetriser parfaitement votre profession ainsi que les \u00e9volutions constantes. Il vous faut vous remettre toujours en cause et travailler pour atteindre un certain automatisme dans le cadre des activit\u00e9s op\u00e9rationnelles\u00bb, leur a-t-il conseill\u00e9.<\/p>\n<p>Le g\u00e9n\u00e9ral Seck a, par ailleurs, salu\u00e9 l\u2019excellence des relations entre les BNSP du Burkina Faso et du S\u00e9n\u00e9gal. \u00abDepuis la cr\u00e9ation de l\u2019\u00e9cole, le S\u00e9n\u00e9gal a toujours envoy\u00e9 des stagiaires. Cette promotion a re\u00e7u trois \u00e9l\u00e9ments et un officier s\u00e9n\u00e9galais a particip\u00e9 \u00e0 l\u2019encadrement\u00bb, a-t-il soulign\u00e9. Le Directeur g\u00e9n\u00e9ral (DG) de l\u2019ISEPC, le colonel Abel Koudougou Zongo a, pour sa part, traduit sa reconnaissance aux partenaires de l\u2019Institut qui collaborent avec pr\u00e8s de 29 pays africains. Le colonel Zongo a remerci\u00e9 les autorit\u00e9s burkinab\u00e8 pour leurs efforts \u00e0 am\u00e9liorer les conditions de vie et d\u2019apprentissage des stagiaires.<\/p>\n<p>Il a \u00e9galement salu\u00e9 la coop\u00e9ration fran\u00e7aise qui participe activement au contenu des formations dispens\u00e9es \u00e0 travers le directeur des \u00e9tudes, Xavier Bachelot et son adjoint Jean Claude Soyer. Il a, en sus, exprim\u00e9 sa reconnaissance au commandant de la BNSP, qui a d\u00e9cid\u00e9 de rendre op\u00e9rationnel le centre de secours, proche de l\u2019institut, en 8e compagnie. \u00abLa proximit\u00e9 fait que les stagiaires sont dans l\u2019immersion et apprennent mieux\u00bb, a-t-il indiqu\u00e9.<\/p>\n<p class=\"c1\"><strong>Fab\u00e9 Mamadou OUATTARA<\/strong><\/p>\n<div class=\"td-a-rec td-a-rec-id-content_bottom td_uid_30_5d27ada19889f_rand td_block_template_1\"><img loading=\"lazy\" decoding=\"async\" class=\"aligncenter size-full wp-image-9623\" src=\"https:\/\/www.sidwaya.info\/wp-content\/uploads\/2019\/06\/Projet-bannie%CC%80re-Orange-mobile.jpg\" alt=\"\" width=\"728\" height=\"81\"\/><\/div>\n<p>Auteur: DD. Sidwaya<br \/>\n<a href=\"https:\/\/www.sidwaya.info\/blog\/2019\/07\/11\/formation-initiale-dofficiers-sapeurs-pompiers-23-soldats-africains-dignes-du-grade-dincendie\/\">Cliquez ici pour lire l&rsquo;article depuis sa source.<\/a><\/p>\n","protected":false},"excerpt":{"rendered":"<p>L\u2019Institut sup\u00e9rieur d\u2019\u00e9tudes de protection civile (ISEPC) a organis\u00e9 la c\u00e9r\u00e9monie de fin de formation initiale des officiers sapeurs-pompiers, session 2019, le 11 juillet dernier \u00e0 Ouagadougou. Apr\u00e8s cinq mois de formation, 23 stagiaires (sur 24) ont \u00e9t\u00e9 d\u00e9clar\u00e9s aptes \u00e0 remplir la fonction de chef de grade incendie et ont re\u00e7u leurs parchemins. Issus [&hellip;]<\/p>\n","protected":false},"author":1816,"featured_media":0,"comment_status":"closed","ping_status":"closed","sticky":false,"template":"","format":"standard","meta":{"fifu_image_url":"","fifu_image_alt":"","footnotes":""},"categories":[73,81],"tags":[],"class_list":["post-45737","post","type-post","status-publish","format-standard","hentry","category-actualite","category-burkina-faso"],"_links":{"self":[{"href":"https:\/\/linitiative.ca\/International\/wp-json\/wp\/v2\/posts\/45737","targetHints":{"allow":["GET"]}}],"collection":[{"href":"https:\/\/linitiative.ca\/International\/wp-json\/wp\/v2\/posts"}],"about":[{"href":"https:\/\/linitiative.ca\/International\/wp-json\/wp\/v2\/types\/post"}],"author":[{"embeddable":true,"href":"https:\/\/linitiative.ca\/International\/wp-json\/wp\/v2\/users\/1816"}],"replies":[{"embeddable":true,"href":"https:\/\/linitiative.ca\/International\/wp-json\/wp\/v2\/comments?post=45737"}],"version-history":[{"count":0,"href":"https:\/\/linitiative.ca\/International\/wp-json\/wp\/v2\/posts\/45737\/revisions"}],"wp:attachment":[{"href":"https:\/\/linitiative.ca\/International\/wp-json\/wp\/v2\/media?parent=45737"}],"wp:term":[{"taxonomy":"category","embeddable":true,"href":"https:\/\/linitiative.ca\/International\/wp-json\/wp\/v2\/categories?post=45737"},{"taxonomy":"post_tag","embeddable":true,"href":"https:\/\/linitiative.ca\/International\/wp-json\/wp\/v2\/tags?post=45737"}],"curies":[{"name":"wp","href":"https:\/\/api.w.org\/{rel}","templated":true}]}}