{"id":45739,"date":"2019-07-11T16:31:14","date_gmt":"2019-07-11T20:31:14","guid":{"rendered":"https:\/\/linitiative.ca\/International\/lutte-contre-linsecurite-au-burkina-letat-durgence-prolongee-de-six-mois\/"},"modified":"2019-07-11T16:31:14","modified_gmt":"2019-07-11T20:31:14","slug":"lutte-contre-linsecurite-au-burkina-letat-durgence-prolongee-de-six-mois","status":"publish","type":"post","link":"https:\/\/linitiative.ca\/International\/lutte-contre-linsecurite-au-burkina-letat-durgence-prolongee-de-six-mois\/","title":{"rendered":"Lutte contre l\u2019ins\u00e9curit\u00e9 au Burkina : l\u2019Etat d\u2019urgence prolong\u00e9e de six mois"},"content":{"rendered":"<div class=\"td-post-featured-image\"><a href=\"https:\/\/i0.wp.com\/www.sidwaya.info\/wp-content\/uploads\/2019\/07\/1-20.jpg?fit=738%2C493&#038;ssl=1\" data-caption=\"\"><img loading=\"lazy\" decoding=\"async\" width=\"696\" height=\"465\" class=\"entry-thumb td-modal-image\" src=\"https:\/\/i0.wp.com\/www.sidwaya.info\/wp-content\/uploads\/2019\/07\/1-20.jpg?resize=696%2C465&#038;ssl=1\" srcset=\"https:\/\/i0.wp.com\/www.sidwaya.info\/wp-content\/uploads\/2019\/07\/1-20.jpg?w=738&#038;ssl=1 738w, https:\/\/i0.wp.com\/www.sidwaya.info\/wp-content\/uploads\/2019\/07\/1-20.jpg?resize=300%2C200&#038;ssl=1 300w, https:\/\/i0.wp.com\/www.sidwaya.info\/wp-content\/uploads\/2019\/07\/1-20.jpg?resize=696%2C465&#038;ssl=1 696w, https:\/\/i0.wp.com\/www.sidwaya.info\/wp-content\/uploads\/2019\/07\/1-20.jpg?resize=629%2C420&#038;ssl=1 629w\" sizes=\"auto, (max-width: 696px) 100vw, 696px\" alt=\"\" title=\"1\"\/><\/a><\/div>\n<p><strong>L\u2019Assembl\u00e9e nationale a adopt\u00e9, \u00e0 l\u2019unanimit\u00e9, le jeudi 11 juillet 2019, la loi portant prorogation de la dur\u00e9e de l\u2019Etat d\u2019urgence dans 14 provinces du Burkina Faso. Elle permettra \u00e0 l\u2019ex\u00e9cutif de poursuivre ses actions de s\u00e9curisation des zones en proie au terrorisme.<\/strong><\/p>\n<p>Le gouvernement peut poursuivre la mise en \u0153uvre des mesures sp\u00e9ciales entreprises depuis le d\u00e9but de l\u2019ann\u00e9e pour la s\u00e9curisation des zones touch\u00e9es par les attaques terroristes dans 14 provinces du pays. En effet, les d\u00e9put\u00e9s ont adopt\u00e9, \u00e0 l\u2019unanimit\u00e9 des 109 votants, la loi portant prorogation de la dur\u00e9e de l\u2019Etat d\u2019urgence, le jeudi 11 juillet 2019, r\u00e9pondant favorablement \u00e0 la demande de l\u2019ex\u00e9cutif de prolonger la dur\u00e9e de la mesure de six mois. Selon le ministre de la Justice, Ren\u00e9 Bagoro, l\u2019Etat d\u2019urgence, d\u00e9cr\u00e9t\u00e9 par le pr\u00e9sident du Faso en fin d\u00e9cembre 2018, a permis aux Forces de d\u00e9fense et de s\u00e9curit\u00e9 (FDS) d\u2019engranger des r\u00e9sultats sur le terrain de la lutte contre le terrorisme et le grand banditisme dans les 14 provinces reparties entre six r\u00e9gions. Il a ainsi \u00e9num\u00e9r\u00e9 \u00abde nombreux terroristes neutralis\u00e9s, des bases terroristes d\u00e9truites, plus de 100 personnes d\u00e9f\u00e9r\u00e9es au parquet du tribunal militaire de Ouagadougou, une baisse consid\u00e9rable des attaques contre les positions des FDS et structures publiques\u00bb.<\/p>\n<p>Tout cela est le r\u00e9sultat de patrouilles, d\u2019op\u00e9rations de ratissage et de contr\u00f4les de routines sur les diff\u00e9rents axes routiers et couloirs d\u2019acc\u00e8s aux bandes frontali\u00e8res, a-t-il dit. Se r\u00e9jouissant du vote de l\u2019Assembl\u00e9e nationale, Ren\u00e9 Bagoro a soutenu que la prorogation de l\u2019Etat d\u2019urgence permet de renforcer et de consolider la lutte, d\u2019asseoir une s\u00e9curit\u00e9 durable et de donner plus d\u2019opportunit\u00e9s et de moyens aux FDS de poursuivre leurs actions de s\u00e9curisation. Auparavant, lors du d\u00e9bat g\u00e9n\u00e9ral, des d\u00e9put\u00e9s ont \u00e9mis des doutes sur le bilan de l\u2019Etat d\u2019urgence, six mois apr\u00e8s son application. Ils ont \u00e9galement soulev\u00e9 des inqui\u00e9tudes par rapport \u00e0 la souffrance endur\u00e9e par les populations des zones concern\u00e9es du fait du couvre-feu. En r\u00e9ponse, le ministre de la Justice a, d\u2019abord, pr\u00e9cis\u00e9 que le projet de loi soumis \u00e0 leur examen a pour but de lutter contre le terrorisme et non contre les cons\u00e9quences des attaques terroristes.<\/p>\n<p>\u00abLe gouvernement peut \u00eatre interpell\u00e9 sur la gestion des d\u00e9plac\u00e9s, mais il ne revient pas \u00e0 cette loi de trouver les r\u00e9ponses \u00e0 ces pr\u00e9occupations\u00bb, a-t-il lanc\u00e9. Sur le bilan \u00e0 mi-parcours de la mesure, le Garde des Sceaux a laiss\u00e9 entendre que le gouvernement dispose d\u2019\u00e9l\u00e9ments tr\u00e8s pr\u00e9cis sur le bilan des op\u00e9rations entreprises depuis le d\u00e9but de l\u2019Etat d\u2019urgence, mais il ne peut pas les d\u00e9voiler \u00e0 la tribune de l\u2019H\u00e9micycle pour des raisons strat\u00e9giques et de s\u00e9curit\u00e9. Et d\u2019ajouter: \u00abSi l\u2019Assembl\u00e9e nationale nous saisit dans un cadre plus restreint ou dans un courrier confidentiel, nous donnerons tous les d\u00e9tails m\u00eames ceux concernant l\u2019op\u00e9ration Otapuanu men\u00e9e dans la r\u00e9gion de l\u2019Est\u00bb. S\u2019agissant des personnes interpell\u00e9es, pour le ministre Bagoro, il n\u2019appartient pas \u00e0 l\u2019ex\u00e9cutif de dire qu\u2019elles sont des terroristes. \u00abNous les avons arr\u00eat\u00e9es suivant des indices et elles demeurent des pr\u00e9sum\u00e9s terroristes jusqu\u2019\u00e0 ce qu\u2019elles soient jug\u00e9es et d\u00e9clar\u00e9es comme telles par une juridiction comp\u00e9tente\u00bb, a-t-il soutenu. Le pr\u00e9sident de l\u2019Assembl\u00e9e nationale, Alassane Bala Sakand\u00e9, a saisi l\u2019occasion pour annoncer la fin de la session sp\u00e9ciale, ouverte le lundi 8 juillet dernier.<\/p>\n<p class=\"c1\"><strong>Beyon Romain NEBIE<\/strong><\/p>\n<div class=\"td-a-rec td-a-rec-id-content_bottom td_uid_30_5d27ada76df86_rand td_block_template_1\"><img loading=\"lazy\" decoding=\"async\" class=\"aligncenter size-full wp-image-9623\" src=\"https:\/\/www.sidwaya.info\/wp-content\/uploads\/2019\/06\/Projet-bannie%CC%80re-Orange-mobile.jpg\" alt=\"\" width=\"728\" height=\"81\"\/><\/div>\n<p>Auteur: DD. Sidwaya<br \/>\n<a href=\"https:\/\/www.sidwaya.info\/blog\/2019\/07\/11\/lutte-contre-linsecurite-au-burkina-letat-durgence-prolongee-de-six-mois\/\">Cliquez ici pour lire l&rsquo;article depuis sa source.<\/a><\/p>\n","protected":false},"excerpt":{"rendered":"<p>L\u2019Assembl\u00e9e nationale a adopt\u00e9, \u00e0 l\u2019unanimit\u00e9, le jeudi 11 juillet 2019, la loi portant prorogation de la dur\u00e9e de l\u2019Etat d\u2019urgence dans 14 provinces du Burkina Faso. Elle permettra \u00e0 l\u2019ex\u00e9cutif de poursuivre ses actions de s\u00e9curisation des zones en proie au terrorisme. Le gouvernement peut poursuivre la mise en \u0153uvre des mesures sp\u00e9ciales entreprises [&hellip;]<\/p>\n","protected":false},"author":1816,"featured_media":0,"comment_status":"closed","ping_status":"closed","sticky":false,"template":"","format":"standard","meta":{"fifu_image_url":"","fifu_image_alt":"","footnotes":""},"categories":[73,81],"tags":[],"class_list":["post-45739","post","type-post","status-publish","format-standard","hentry","category-actualite","category-burkina-faso"],"_links":{"self":[{"href":"https:\/\/linitiative.ca\/International\/wp-json\/wp\/v2\/posts\/45739","targetHints":{"allow":["GET"]}}],"collection":[{"href":"https:\/\/linitiative.ca\/International\/wp-json\/wp\/v2\/posts"}],"about":[{"href":"https:\/\/linitiative.ca\/International\/wp-json\/wp\/v2\/types\/post"}],"author":[{"embeddable":true,"href":"https:\/\/linitiative.ca\/International\/wp-json\/wp\/v2\/users\/1816"}],"replies":[{"embeddable":true,"href":"https:\/\/linitiative.ca\/International\/wp-json\/wp\/v2\/comments?post=45739"}],"version-history":[{"count":0,"href":"https:\/\/linitiative.ca\/International\/wp-json\/wp\/v2\/posts\/45739\/revisions"}],"wp:attachment":[{"href":"https:\/\/linitiative.ca\/International\/wp-json\/wp\/v2\/media?parent=45739"}],"wp:term":[{"taxonomy":"category","embeddable":true,"href":"https:\/\/linitiative.ca\/International\/wp-json\/wp\/v2\/categories?post=45739"},{"taxonomy":"post_tag","embeddable":true,"href":"https:\/\/linitiative.ca\/International\/wp-json\/wp\/v2\/tags?post=45739"}],"curies":[{"name":"wp","href":"https:\/\/api.w.org\/{rel}","templated":true}]}}