{"id":45740,"date":"2019-07-11T16:33:59","date_gmt":"2019-07-11T20:33:59","guid":{"rendered":"https:\/\/linitiative.ca\/International\/charte-de-leau-du-bassin-de-la-volta-un-plan-dactions-en-cours-de-validation\/"},"modified":"2019-07-11T16:33:59","modified_gmt":"2019-07-11T20:33:59","slug":"charte-de-leau-du-bassin-de-la-volta-un-plan-dactions-en-cours-de-validation","status":"publish","type":"post","link":"https:\/\/linitiative.ca\/International\/charte-de-leau-du-bassin-de-la-volta-un-plan-dactions-en-cours-de-validation\/","title":{"rendered":"Charte de l\u2019eau du Bassin de la Volta  : un plan d\u2019actions en cours de validation"},"content":{"rendered":"<div class=\"td-post-featured-image\"><a href=\"https:\/\/i1.wp.com\/www.sidwaya.info\/wp-content\/uploads\/2019\/07\/1-21.jpg?fit=738%2C493&#038;ssl=1\" data-caption=\"\"><img loading=\"lazy\" decoding=\"async\" width=\"696\" height=\"465\" class=\"entry-thumb td-modal-image\" src=\"https:\/\/i1.wp.com\/www.sidwaya.info\/wp-content\/uploads\/2019\/07\/1-21.jpg?resize=696%2C465&#038;ssl=1\" srcset=\"https:\/\/i1.wp.com\/www.sidwaya.info\/wp-content\/uploads\/2019\/07\/1-21.jpg?w=738&#038;ssl=1 738w, https:\/\/i1.wp.com\/www.sidwaya.info\/wp-content\/uploads\/2019\/07\/1-21.jpg?resize=300%2C200&#038;ssl=1 300w, https:\/\/i1.wp.com\/www.sidwaya.info\/wp-content\/uploads\/2019\/07\/1-21.jpg?resize=696%2C465&#038;ssl=1 696w, https:\/\/i1.wp.com\/www.sidwaya.info\/wp-content\/uploads\/2019\/07\/1-21.jpg?resize=629%2C420&#038;ssl=1 629w\" sizes=\"auto, (max-width: 696px) 100vw, 696px\" alt=\"\" title=\"1\"\/><\/a><\/div>\n<p><strong>L\u2019Autorit\u00e9 du Bassin de la Volta (ABV) organise, du 11 au 13 juillet 2019 \u00e0 Ouagadougou, un atelier r\u00e9gional de validation des projets annexes et du plan d\u2019actions de ratification et de mise en \u0153uvre de la Charte de l\u2019eau dudit bassin.<\/strong><\/p>\n<p>Trois projets annexes et un plan d\u2019actions de ratification de la mise en \u0153uvre de la Charte de l\u2019eau du Bassin de la Volta, approuv\u00e9s par le conseil des ministres de l\u2019Autorit\u00e9 du Bassin de la Volta (ABV), en mai 2019, sont en cours de validation. Pour la circonstance, une quarantaine de participants venus des six pays membres de l\u2019ABV (Burkina Faso, C\u00f4te d\u2019Ivoire, Mali, Togo, B\u00e9nin et Ghana) sont r\u00e9unis, du 11 au 13 juillet 2019, \u00e0 Ouagadougou. Ils vont, selon les organisateurs de l\u2019atelier, examiner les attributions, la composition, l\u2019organisation et le fonctionnement des organes sp\u00e9cifiques consacr\u00e9s par la Charte de l\u2019eau. Les modalit\u00e9s de production, de collecte, d\u2019\u00e9changes et d\u2019utilisation des donn\u00e9es et d\u2019informations ainsi que la proc\u00e9dure de notification pr\u00e9alable devraient \u00eatre aussi pass\u00e9es \u00e0 la loupe.<\/p>\n<p>A l\u2019ouverture des travaux, le directeur ex\u00e9cutif de l\u2019ABV, Robert Yaovi Dessouassi, a indiqu\u00e9 que cette rencontre marque un arr\u00eat momentan\u00e9 du processus d\u2019\u00e9laboration de la charte. Il a salu\u00e9, \u00e0 l\u2019occasion, les appuis \u00absoutenus\u00bb de la Banque mondiale (BM), le Fonds pour l\u2019environnement mondial (FEM) et la Coop\u00e9ration sur les cours d\u2019eau internationale en Afrique (CIWA) au processus de gestion int\u00e9gr\u00e9e des ressources en eau du Bassin de la Volta. La Charte de l\u2019eau, un enjeu majeur pour le Burkina Selon le repr\u00e9sentant du ministre de l\u2019Eau et de l\u2019Assainissement, Alassoun Sori, en adoptant ces \u00abd\u00e9crets d\u2019application\u00bb de la Charte de l\u2019eau, il s\u2019agit d\u2019un pas d\u00e9cisif vers son adoption formelle par le prochain sommet des chefs d\u2019Etat et de gouvernement de l\u2019ABV.<\/p>\n<p>Dans cette logique, Il a rassur\u00e9 tous les acteurs du soutien du d\u00e9partement en charge de l\u2019eau pour, \u00e9galement, faciliter la ratification de la charte par les parlements des six Etats membres de l\u2019ABV. Alassoun Sori a, tout comme son pr\u00e9d\u00e9cesseur, lou\u00e9 l\u2019action des Partenaires techniques et financiers (PTF) pour le financement du \u00abProjet de mise en \u0153uvre du programme d\u2019actions strat\u00e9giques du Bassin de la Volta (VSIP)\u00bb, dans lequel s\u2019inscrit la charte. Le directeur g\u00e9n\u00e9ral des ressources en eau et point focal de l\u2019ABV au Burkina Faso, Serge Traor\u00e9, a soutenu que la Charte de l\u2019eau constitue un enjeu majeur pour le pays des Hommes int\u00e8gres.<\/p>\n<p>Car, a-t-il expliqu\u00e9, elle permet de fixer les principes d\u2019utilisation et de gestion \u00e9quitables de la ressource en eau du Bassin de la Volta. Le projet VSIP, a pr\u00e9cis\u00e9 son coordonnateur, Dr Jacob W. Tumbulto, est financ\u00e9 \u00e0 hauteur de 11 millions de dollars am\u00e9ricains soit l\u2019\u00e9quivalent de 5 milliards 500 millions F CFA par le FEM et la CIWA et ex\u00e9cut\u00e9 par la BM. Les Etats membres de l\u2019ABV, pour finaliser la charte, outil juridique, r\u00e8glementaire, institutionnel et technique de la gouvernance environnementale du bassin, devraient mobiliser, les finances n\u00e9cessaires car le VSIP \u00abexpire\u00bb en ao\u00fbt prochain, a rappel\u00e9 le directeur ex\u00e9cutif de l\u2019ABV.<\/p>\n<p class=\"c1\"><strong>Boukary BONKOUNGOU<\/strong><\/p>\n<div class=\"td-a-rec td-a-rec-id-content_bottom td_uid_30_5d27adaa6db72_rand td_block_template_1\"><img loading=\"lazy\" decoding=\"async\" class=\"aligncenter size-full wp-image-9623\" src=\"https:\/\/www.sidwaya.info\/wp-content\/uploads\/2019\/06\/Projet-bannie%CC%80re-Orange-mobile.jpg\" alt=\"\" width=\"728\" height=\"81\"\/><\/div>\n<p>Auteur: DD. Sidwaya<br \/>\n<a href=\"https:\/\/www.sidwaya.info\/blog\/2019\/07\/11\/charte-de-leau-du-bassin-de-la-volta-un-plan-dactions-en-cours-de-validation\/\">Cliquez ici pour lire l&rsquo;article depuis sa source.<\/a><\/p>\n","protected":false},"excerpt":{"rendered":"<p>L\u2019Autorit\u00e9 du Bassin de la Volta (ABV) organise, du 11 au 13 juillet 2019 \u00e0 Ouagadougou, un atelier r\u00e9gional de validation des projets annexes et du plan d\u2019actions de ratification et de mise en \u0153uvre de la Charte de l\u2019eau dudit bassin. Trois projets annexes et un plan d\u2019actions de ratification de la mise en [&hellip;]<\/p>\n","protected":false},"author":1816,"featured_media":0,"comment_status":"closed","ping_status":"closed","sticky":false,"template":"","format":"standard","meta":{"fifu_image_url":"","fifu_image_alt":"","footnotes":""},"categories":[73,81],"tags":[],"class_list":["post-45740","post","type-post","status-publish","format-standard","hentry","category-actualite","category-burkina-faso"],"_links":{"self":[{"href":"https:\/\/linitiative.ca\/International\/wp-json\/wp\/v2\/posts\/45740","targetHints":{"allow":["GET"]}}],"collection":[{"href":"https:\/\/linitiative.ca\/International\/wp-json\/wp\/v2\/posts"}],"about":[{"href":"https:\/\/linitiative.ca\/International\/wp-json\/wp\/v2\/types\/post"}],"author":[{"embeddable":true,"href":"https:\/\/linitiative.ca\/International\/wp-json\/wp\/v2\/users\/1816"}],"replies":[{"embeddable":true,"href":"https:\/\/linitiative.ca\/International\/wp-json\/wp\/v2\/comments?post=45740"}],"version-history":[{"count":0,"href":"https:\/\/linitiative.ca\/International\/wp-json\/wp\/v2\/posts\/45740\/revisions"}],"wp:attachment":[{"href":"https:\/\/linitiative.ca\/International\/wp-json\/wp\/v2\/media?parent=45740"}],"wp:term":[{"taxonomy":"category","embeddable":true,"href":"https:\/\/linitiative.ca\/International\/wp-json\/wp\/v2\/categories?post=45740"},{"taxonomy":"post_tag","embeddable":true,"href":"https:\/\/linitiative.ca\/International\/wp-json\/wp\/v2\/tags?post=45740"}],"curies":[{"name":"wp","href":"https:\/\/api.w.org\/{rel}","templated":true}]}}