{"id":45742,"date":"2019-07-11T16:40:32","date_gmt":"2019-07-11T20:40:32","guid":{"rendered":"https:\/\/linitiative.ca\/International\/sibiri-ouattara-chef-de-village-de-logofourousso-je-nai-jamais-envoye-quelquun-me-representer-lors-de-la-rencontre-avec-le-ministre-de-lurbanisme\/"},"modified":"2019-07-11T16:40:32","modified_gmt":"2019-07-11T20:40:32","slug":"sibiri-ouattara-chef-de-village-de-logofourousso-je-nai-jamais-envoye-quelquun-me-representer-lors-de-la-rencontre-avec-le-ministre-de-lurbanisme","status":"publish","type":"post","link":"https:\/\/linitiative.ca\/International\/sibiri-ouattara-chef-de-village-de-logofourousso-je-nai-jamais-envoye-quelquun-me-representer-lors-de-la-rencontre-avec-le-ministre-de-lurbanisme\/","title":{"rendered":"Sibiri Ouattara, chef de village de Logofourousso : \u00ab Je n\u2019ai jamais envoy\u00e9 quelqu\u2019un me repr\u00e9senter lors de la rencontre avec le ministre de l\u2019Urbanisme \u00bb"},"content":{"rendered":"<div class=\"td-post-featured-image\"><a href=\"https:\/\/i2.wp.com\/www.sidwaya.info\/wp-content\/uploads\/2019\/07\/1-23.jpg?fit=738%2C599&#038;ssl=1\" data-caption=\"\"><img loading=\"lazy\" decoding=\"async\" width=\"696\" height=\"565\" class=\"entry-thumb td-modal-image\" src=\"https:\/\/i2.wp.com\/www.sidwaya.info\/wp-content\/uploads\/2019\/07\/1-23.jpg?resize=696%2C565&#038;ssl=1\" srcset=\"https:\/\/i2.wp.com\/www.sidwaya.info\/wp-content\/uploads\/2019\/07\/1-23.jpg?w=738&#038;ssl=1 738w, https:\/\/i2.wp.com\/www.sidwaya.info\/wp-content\/uploads\/2019\/07\/1-23.jpg?resize=300%2C243&#038;ssl=1 300w, https:\/\/i2.wp.com\/www.sidwaya.info\/wp-content\/uploads\/2019\/07\/1-23.jpg?resize=696%2C565&#038;ssl=1 696w, https:\/\/i2.wp.com\/www.sidwaya.info\/wp-content\/uploads\/2019\/07\/1-23.jpg?resize=517%2C420&#038;ssl=1 517w\" sizes=\"auto, (max-width: 696px) 100vw, 696px\" alt=\"\" title=\"1\"\/><\/a><\/div>\n<p><strong>Le jeudi 4 juillet 2019 \u00e0 Bobo-Dioulasso, le minist\u00e8re en charge de l\u2019urbanisme annon\u00e7ait un \u00abconsensus\u00bb sur le d\u00e9marrage des travaux du projet de construction de logements sociaux \u00e0 Logofourousso. Cet accord semble ne pas faire l\u2019unanimit\u00e9 du c\u00f4t\u00e9 du chef du village, Sibiri Ouattara et de ses notables. Ce dernier a donn\u00e9 les raisons de son refus sur le site du projet, le jeudi 11 juillet 2019.<\/strong><\/p>\n<p>Le projet de construction de logements sociaux \u00e0 Logofourousso , village rattach\u00e9 \u00e0 la commune de Bobo-Dioulasso, fait couler actuellement beaucoup d\u2019encre et de salive. Le jeudi 4 juillet 2019 \u00e0 Bobo-Dioulasso, le ministre de l\u2019Habitat et de l\u2019Urbanisme annon\u00e7ait avoir trouv\u00e9 un consensus pour le futur d\u00e9marrage des travaux. Le chef du village, Sibiri Ouattara dit ne pas se reconnaitre dans l\u2019accord conclu entre le gouvernement et les propri\u00e9taires terriens.<\/p>\n<p>\u00abJe n\u2019ai jamais envoy\u00e9 quelqu\u2019un me repr\u00e9senter lors de la rencontre avec le ministre en charge de l\u2019urbanisme\u00bb, a indiqu\u00e9 Sibiri Ouattara, le jeudi 11 juillet 2019, sous l\u2019arbre \u00e0 palabres du village devant la presse. Selon lui, le projet occupe un lieu d\u00e9di\u00e9 au culte du village. La zone existe avec le village depuis la nuit des temps. \u00abSi on prend la zone, c\u2019est comme si on d\u00e9truisait le village\u00bb, a-t-il laiss\u00e9 entendre. Le projet, de son avis, est mal entr\u00e9 \u00e0 Logofourousso car, aucune concertation pr\u00e9alable n\u2019a eu lieu. Sibiri Ouattara dit ne pas \u00eatre contre ce projet, mais maintient que le site choisi pose probl\u00e8me. Au quartier Belleville de Bobo-Dioulasso, il y a des champs qui appartiennent au village. Ainsi, le chef dit avoir propos\u00e9 ce site appartenant au village qui devait \u00eatre loti avant l\u2019insurrection populaire de septembre 2014. La question de savoir s\u2019il n\u2019y a pas une manipulation politique derri\u00e8re ? Le chef de Logofourousso a r\u00e9agi en indiquant qu\u2019il n\u2019y a pas de main tapie dans le noir qui manipule qui que ce soit. \u00abLa politique est venue trouver le village. Je ne parle pas de politique ; moi ce qui m\u2019int\u00e9resse \u00e0 la sauvegarde de la tradition \u00bb, a-t-il affirm\u00e9.<\/p>\n<p class=\"c1\"><strong>Boudayinga J-M THIENON<\/strong><\/p>\n<div class=\"td-a-rec td-a-rec-id-content_bottom td_uid_30_5d27adb02dfe3_rand td_block_template_1\"><img loading=\"lazy\" decoding=\"async\" class=\"aligncenter size-full wp-image-9623\" src=\"https:\/\/www.sidwaya.info\/wp-content\/uploads\/2019\/06\/Projet-bannie%CC%80re-Orange-mobile.jpg\" alt=\"\" width=\"728\" height=\"81\"\/><\/div>\n<p>Auteur: DD. Sidwaya<br \/>\n<a href=\"https:\/\/www.sidwaya.info\/blog\/2019\/07\/11\/sibiri-ouattara-chef-de-village-de-logofourousso-je-nai-jamais-envoye-quelquun-me-representer-lors-de-la-rencontre-avec-le-ministre-de-lurbanisme\/\">Cliquez ici pour lire l&rsquo;article depuis sa source.<\/a><\/p>\n","protected":false},"excerpt":{"rendered":"<p>Le jeudi 4 juillet 2019 \u00e0 Bobo-Dioulasso, le minist\u00e8re en charge de l\u2019urbanisme annon\u00e7ait un \u00abconsensus\u00bb sur le d\u00e9marrage des travaux du projet de construction de logements sociaux \u00e0 Logofourousso. Cet accord semble ne pas faire l\u2019unanimit\u00e9 du c\u00f4t\u00e9 du chef du village, Sibiri Ouattara et de ses notables. Ce dernier a donn\u00e9 les raisons [&hellip;]<\/p>\n","protected":false},"author":1816,"featured_media":0,"comment_status":"closed","ping_status":"closed","sticky":false,"template":"","format":"standard","meta":{"fifu_image_url":"","fifu_image_alt":"","footnotes":""},"categories":[73,81],"tags":[],"class_list":["post-45742","post","type-post","status-publish","format-standard","hentry","category-actualite","category-burkina-faso"],"_links":{"self":[{"href":"https:\/\/linitiative.ca\/International\/wp-json\/wp\/v2\/posts\/45742","targetHints":{"allow":["GET"]}}],"collection":[{"href":"https:\/\/linitiative.ca\/International\/wp-json\/wp\/v2\/posts"}],"about":[{"href":"https:\/\/linitiative.ca\/International\/wp-json\/wp\/v2\/types\/post"}],"author":[{"embeddable":true,"href":"https:\/\/linitiative.ca\/International\/wp-json\/wp\/v2\/users\/1816"}],"replies":[{"embeddable":true,"href":"https:\/\/linitiative.ca\/International\/wp-json\/wp\/v2\/comments?post=45742"}],"version-history":[{"count":0,"href":"https:\/\/linitiative.ca\/International\/wp-json\/wp\/v2\/posts\/45742\/revisions"}],"wp:attachment":[{"href":"https:\/\/linitiative.ca\/International\/wp-json\/wp\/v2\/media?parent=45742"}],"wp:term":[{"taxonomy":"category","embeddable":true,"href":"https:\/\/linitiative.ca\/International\/wp-json\/wp\/v2\/categories?post=45742"},{"taxonomy":"post_tag","embeddable":true,"href":"https:\/\/linitiative.ca\/International\/wp-json\/wp\/v2\/tags?post=45742"}],"curies":[{"name":"wp","href":"https:\/\/api.w.org\/{rel}","templated":true}]}}