{"id":45745,"date":"2019-07-11T16:48:57","date_gmt":"2019-07-11T20:48:57","guid":{"rendered":"https:\/\/linitiative.ca\/International\/crise-au-cdp-les-marches-et-yaars-appellent-a-lunion\/"},"modified":"2019-07-11T16:48:57","modified_gmt":"2019-07-11T20:48:57","slug":"crise-au-cdp-les-marches-et-yaars-appellent-a-lunion","status":"publish","type":"post","link":"https:\/\/linitiative.ca\/International\/crise-au-cdp-les-marches-et-yaars-appellent-a-lunion\/","title":{"rendered":"Crise au CDP  : les march\u00e9s et \u00abyaars\u00bb appellent  \u00e0 l\u2019union"},"content":{"rendered":"<div class=\"td-post-featured-image\"><a href=\"https:\/\/i2.wp.com\/www.sidwaya.info\/wp-content\/uploads\/2019\/07\/1-25.jpg?fit=738%2C493&#038;ssl=1\" data-caption=\"\"><img loading=\"lazy\" decoding=\"async\" width=\"696\" height=\"465\" class=\"entry-thumb td-modal-image\" src=\"https:\/\/i2.wp.com\/www.sidwaya.info\/wp-content\/uploads\/2019\/07\/1-25.jpg?resize=696%2C465&#038;ssl=1\" srcset=\"https:\/\/i2.wp.com\/www.sidwaya.info\/wp-content\/uploads\/2019\/07\/1-25.jpg?w=738&#038;ssl=1 738w, https:\/\/i2.wp.com\/www.sidwaya.info\/wp-content\/uploads\/2019\/07\/1-25.jpg?resize=300%2C200&#038;ssl=1 300w, https:\/\/i2.wp.com\/www.sidwaya.info\/wp-content\/uploads\/2019\/07\/1-25.jpg?resize=696%2C465&#038;ssl=1 696w, https:\/\/i2.wp.com\/www.sidwaya.info\/wp-content\/uploads\/2019\/07\/1-25.jpg?resize=629%2C420&#038;ssl=1 629w\" sizes=\"auto, (max-width: 696px) 100vw, 696px\" alt=\"\" title=\"1\"\/><\/a><\/div>\n<p><strong>Les commer\u00e7ants des march\u00e9s et \u00abyaars\u00bb de la ville de Ouagadougou, militants du Congr\u00e8s pour la d\u00e9mocratie et le progr\u00e8s (CDP) ont organis\u00e9 leur assembl\u00e9e g\u00e9n\u00e9rale, le jeudi 11 juillet 2019. A cette occasion, ils ont affirm\u00e9 leur soutien \u00e0 la direction du parti et \u00e0 son pr\u00e9sident Eddie Kombo\u00efgo.<\/strong><\/p>\n<p>Les militants du Congr\u00e8s pour la d\u00e9mocratie le progr\u00e8s (CDP), commer\u00e7ants des march\u00e9s et \u00abyaars\u00bb de la capitale burkinab\u00e8 se sont engag\u00e9s \u00e0 \u0153uvrer pour la mise en \u0153uvre du programme d\u2019activit\u00e9s de leur parti qui pr\u00e9pare les \u00e9lections de 2020. Ils l\u2019ont affirm\u00e9 et exprim\u00e9 leur soutien au pr\u00e9sident du parti, Eddie Kombo\u00efgo, lors d\u2019une Assembl\u00e9e g\u00e9n\u00e9rale, le jeudi 11 juillet 2019. \u00abDans nos march\u00e9s et \u00abyaars\u00bb, on a eu vent d\u2019une m\u00e9sentente entre le pr\u00e9sident et quelques membres du parti. Nous avons voulu savoir davantage et apporter notre soutien au CDP. S\u2019ils d\u00e9signent \u00e0 l\u2019unisson un autre candidat, nous sommes pr\u00eats \u00e0 soutenir ce dernier\u00bb, a pr\u00e9cis\u00e9 le secr\u00e9taire national des commer\u00e7ants des march\u00e9s et \u00abyaars\u00bb du CDP, Amidou Compaor\u00e9. En attendant, il a fait savoir que les commer\u00e7ants soutiennent Eddie Kombo\u00efgo, pr\u00e9sident l\u00e9gitime du parti. M. Compaor\u00e9 a souhait\u00e9 que les uns et les autres laissent les diff\u00e9rends et restent soud\u00e9s afin que le CDP puisse remporter la victoire en 2020. Le pr\u00e9sident du parti, Eddie Kombo\u00efgo a, pour sa part, expliqu\u00e9 que c\u2019est \u00e0 la suite de l\u2019invitation du secr\u00e9tariat charg\u00e9 des march\u00e9s et \u00abyaars\u00bb, qu\u2019il est venu expliquer les incompr\u00e9hensions au sein du parti.<\/p>\n<p>\u00abEnsemble, nous avons appel\u00e9 \u00e0 l\u2019union, afin que ceux qui se plaignent reviennent, parce que le CDP a besoin d\u2019eux et le parti appartient \u00e0 tout le monde. C\u2019est ensemble que nous serons forts. C\u2019est ensemble que nous pourrons construire le CDP. Les divisions ne peuvent pas faire grandir un parti\u00bb, a-t-il lanc\u00e9. Toutefois, a poursuivi M. Kombo\u00efgo, si certains sont convaincus que leur position est de partir, ils peuvent le faire. \u00abLe CDP a g\u00e9n\u00e9r\u00e9 pas mal de partis. Il est fort et le restera toujours. Les commer\u00e7ants ont r\u00e9affirm\u00e9 leur volont\u00e9 de demeurer CDP et c\u2019est un signal fort pour dire aux frondeurs de revenir parce que la solution ce n\u2019est pas d\u2019aller crier dehors. La porte est ouverte, m\u00eame \u00e0 ceux qui ont d\u00e9missionn\u00e9\u00bb, a soutenu M. Kombo\u00efgo. Il a aussi pass\u00e9 le message de l\u2019ancien pr\u00e9sident Blaise Compaor\u00e9, qui est un appel \u00e0 l\u2019union.<\/p>\n<p class=\"c1\"><strong>Jean-Marie TOE &#038;<\/strong><\/p>\n<p class=\"c1\"><strong>Dawara Sylvie SOU (stagiaire)<\/strong><\/p>\n<div class=\"td-a-rec td-a-rec-id-content_bottom td_uid_30_5d27adb897e02_rand td_block_template_1\"><img loading=\"lazy\" decoding=\"async\" class=\"aligncenter size-full wp-image-9623\" src=\"https:\/\/www.sidwaya.info\/wp-content\/uploads\/2019\/06\/Projet-bannie%CC%80re-Orange-mobile.jpg\" alt=\"\" width=\"728\" height=\"81\"\/><\/div>\n<p>Auteur: DD. Sidwaya<br \/>\n<a href=\"https:\/\/www.sidwaya.info\/blog\/2019\/07\/11\/crise-au-cdp-les-marches-et-yaars-appellent-a-lunion\/\">Cliquez ici pour lire l&rsquo;article depuis sa source.<\/a><\/p>\n","protected":false},"excerpt":{"rendered":"<p>Les commer\u00e7ants des march\u00e9s et \u00abyaars\u00bb de la ville de Ouagadougou, militants du Congr\u00e8s pour la d\u00e9mocratie et le progr\u00e8s (CDP) ont organis\u00e9 leur assembl\u00e9e g\u00e9n\u00e9rale, le jeudi 11 juillet 2019. A cette occasion, ils ont affirm\u00e9 leur soutien \u00e0 la direction du parti et \u00e0 son pr\u00e9sident Eddie Kombo\u00efgo. Les militants du Congr\u00e8s pour [&hellip;]<\/p>\n","protected":false},"author":1816,"featured_media":0,"comment_status":"closed","ping_status":"closed","sticky":false,"template":"","format":"standard","meta":{"fifu_image_url":"","fifu_image_alt":"","footnotes":""},"categories":[73,81],"tags":[],"class_list":["post-45745","post","type-post","status-publish","format-standard","hentry","category-actualite","category-burkina-faso"],"_links":{"self":[{"href":"https:\/\/linitiative.ca\/International\/wp-json\/wp\/v2\/posts\/45745","targetHints":{"allow":["GET"]}}],"collection":[{"href":"https:\/\/linitiative.ca\/International\/wp-json\/wp\/v2\/posts"}],"about":[{"href":"https:\/\/linitiative.ca\/International\/wp-json\/wp\/v2\/types\/post"}],"author":[{"embeddable":true,"href":"https:\/\/linitiative.ca\/International\/wp-json\/wp\/v2\/users\/1816"}],"replies":[{"embeddable":true,"href":"https:\/\/linitiative.ca\/International\/wp-json\/wp\/v2\/comments?post=45745"}],"version-history":[{"count":0,"href":"https:\/\/linitiative.ca\/International\/wp-json\/wp\/v2\/posts\/45745\/revisions"}],"wp:attachment":[{"href":"https:\/\/linitiative.ca\/International\/wp-json\/wp\/v2\/media?parent=45745"}],"wp:term":[{"taxonomy":"category","embeddable":true,"href":"https:\/\/linitiative.ca\/International\/wp-json\/wp\/v2\/categories?post=45745"},{"taxonomy":"post_tag","embeddable":true,"href":"https:\/\/linitiative.ca\/International\/wp-json\/wp\/v2\/tags?post=45745"}],"curies":[{"name":"wp","href":"https:\/\/api.w.org\/{rel}","templated":true}]}}