{"id":45749,"date":"2019-07-11T14:18:08","date_gmt":"2019-07-11T18:18:08","guid":{"rendered":"https:\/\/linitiative.ca\/International\/un-patronat-senegalais-veut-des-entreprises-technologiques-innovantes\/"},"modified":"2019-07-11T14:18:08","modified_gmt":"2019-07-11T18:18:08","slug":"un-patronat-senegalais-veut-des-entreprises-technologiques-innovantes","status":"publish","type":"post","link":"https:\/\/linitiative.ca\/International\/un-patronat-senegalais-veut-des-entreprises-technologiques-innovantes\/","title":{"rendered":"Un patronat s\u00e9n\u00e9galais veut des entreprises technologiques innovantes"},"content":{"rendered":"<div readability=\"32\">\n<p>Publi\u00e9 le 11.07.2019 \u00e0 19h18 par APA News<\/p>\n<\/div>\n<div readability=\"68\">\n<p>Le Mouvement des entreprises du S\u00e9n\u00e9gal (Meds, organisation patronale) s\u2019est engag\u00e9, jeudi \u00e0 Dakar, \u00e0 faire du \u00ab made in S\u00e9n\u00e9gal \u00bb une r\u00e9alit\u00e9 dans les technologies innovantes pour, selon son pr\u00e9sident Mbagnick Diop, mettre un terme au fait que \u00ab 90% de ce qui est transport\u00e9 dans nos r\u00e9seaux haut d\u00e9bit sont produits \u00e0 l\u2019\u00e9tranger \u00bb.\u00ab Le Meds tire la sonnette d\u2019alarme pour que nos concitoyens, nos voisins, et demain nos enfants, utilisent davantage des produits num\u00e9riques et technologiques produites par des entreprises innovantes s\u00e9n\u00e9galaises. Ainsi, nous souhaitons ardemment que le +made in S\u00e9n\u00e9gal+ soit une r\u00e9alit\u00e9 dans le domaine des technologies innovantes \u00bb, a dit Mbagnick Diop.<\/p>\n<p>Il s\u2019exprimait \u00e0 l\u2019ouverture de la 2\u00e8me \u00e9dition du Salon de startups du S\u00e9n\u00e9gal organis\u00e9 par le Cercle des jeunes entrepreneurs du Meds.<\/p>\n<p>Mais selon M. Diop, pour que \u00ab le +made in S\u00e9n\u00e9gal+ devienne r\u00e9el et palpable pour tous, une pierre importante manque \u00e0 notre bel \u00e9difice \u00bb, \u00e0 savoir la mise en place d\u2019un \u00e9cosyst\u00e8me propice \u00e0 l\u2019\u00e9closion de startups.<\/p>\n<p>C\u2019est pourquoi, a-t-il dit, le Meds, pour relever les d\u00e9fis du S\u00e9n\u00e9gal de \u00a0demain, lance le concept +SENEGALTECH+ ou +DJOLOFTECH+. \u00ab C\u2019est une initiative consacr\u00e9e \u00e0 l\u2019innovation au S\u00e9n\u00e9gal. Elle vise \u00e0 mettre en avant les entreprises, la technologie et l\u2019entreprenariat dans notre pays car, l\u2019innovation technologique est en effet fondamentale pour la cr\u00e9ation de valeur, la croissance \u00e9conomique \u00e0 long terme et la hausse des gains de comp\u00e9titivit\u00e9 \u00bb, a expliqu\u00e9 Mbagnick Diop.<\/p>\n<\/div>\n<p>Auteur: APA News<br \/>\n<a href=\"https:\/\/www.journalducameroun.com\/un-patronat-senegalais-veut-des-entreprises-technologiques-innovantes\/\">Cliquez ici pour lire l&rsquo;article depuis sa source.<\/a><\/p>\n","protected":false},"excerpt":{"rendered":"<p>Publi\u00e9 le 11.07.2019 \u00e0 19h18 par APA News Le Mouvement des entreprises du S\u00e9n\u00e9gal (Meds, organisation patronale) s\u2019est engag\u00e9, jeudi \u00e0 Dakar, \u00e0 faire du \u00ab made in S\u00e9n\u00e9gal \u00bb une r\u00e9alit\u00e9 dans les technologies innovantes pour, selon son pr\u00e9sident Mbagnick Diop, mettre un terme au fait que \u00ab 90% de ce qui est transport\u00e9 [&hellip;]<\/p>\n","protected":false},"author":1965,"featured_media":0,"comment_status":"closed","ping_status":"closed","sticky":false,"template":"","format":"standard","meta":{"fifu_image_url":"","fifu_image_alt":"","footnotes":""},"categories":[73,82],"tags":[],"class_list":["post-45749","post","type-post","status-publish","format-standard","hentry","category-actualite","category-cameroun"],"_links":{"self":[{"href":"https:\/\/linitiative.ca\/International\/wp-json\/wp\/v2\/posts\/45749","targetHints":{"allow":["GET"]}}],"collection":[{"href":"https:\/\/linitiative.ca\/International\/wp-json\/wp\/v2\/posts"}],"about":[{"href":"https:\/\/linitiative.ca\/International\/wp-json\/wp\/v2\/types\/post"}],"author":[{"embeddable":true,"href":"https:\/\/linitiative.ca\/International\/wp-json\/wp\/v2\/users\/1965"}],"replies":[{"embeddable":true,"href":"https:\/\/linitiative.ca\/International\/wp-json\/wp\/v2\/comments?post=45749"}],"version-history":[{"count":0,"href":"https:\/\/linitiative.ca\/International\/wp-json\/wp\/v2\/posts\/45749\/revisions"}],"wp:attachment":[{"href":"https:\/\/linitiative.ca\/International\/wp-json\/wp\/v2\/media?parent=45749"}],"wp:term":[{"taxonomy":"category","embeddable":true,"href":"https:\/\/linitiative.ca\/International\/wp-json\/wp\/v2\/categories?post=45749"},{"taxonomy":"post_tag","embeddable":true,"href":"https:\/\/linitiative.ca\/International\/wp-json\/wp\/v2\/tags?post=45749"}],"curies":[{"name":"wp","href":"https:\/\/api.w.org\/{rel}","templated":true}]}}