{"id":45751,"date":"2019-07-11T14:50:04","date_gmt":"2019-07-11T18:50:04","guid":{"rendered":"https:\/\/linitiative.ca\/International\/rdc-tshisekedi-en-croisade-contre-la-corruption\/"},"modified":"2019-07-11T14:50:04","modified_gmt":"2019-07-11T18:50:04","slug":"rdc-tshisekedi-en-croisade-contre-la-corruption","status":"publish","type":"post","link":"https:\/\/linitiative.ca\/International\/rdc-tshisekedi-en-croisade-contre-la-corruption\/","title":{"rendered":"RDC: Tshisekedi en croisade contre la corruption"},"content":{"rendered":"<div readability=\"32\">\n<p>Publi\u00e9 le 11.07.2019 \u00e0 19h50 par AFP<\/p>\n<\/div>\n<div readability=\"92\">\n<p>Le nouveau pr\u00e9sident de la R\u00e9publique d\u00e9mocratique du Congo, F\u00e9lix Tshisekedi, a d\u00e9nonc\u00e9 jeudi la \u00ab\u00a0petite et la grande corruption\u00a0\u00bb et promis la fin du r\u00e8gne des \u00ab\u00a0intouchables corrupteurs et corrompus\u00a0\u00bb ainsi que quelques mesures.<\/p>\n<p>La corruption implique aussi bien les \u00ab\u00a0fonctionnaires subalternes\u00a0\u00bb que les \u00ab\u00a0membres les plus hauts plac\u00e9s de l\u2019\u00c9tat\u00a0\u00bb, a d\u00e9clar\u00e9 le pr\u00e9sident dans un discours \u00e0 Kinshasa \u00e0 l\u2019occasion de la \u00ab\u00a0journ\u00e9e africaine de lutte contre la corruption\u00a0\u00bb.<\/p>\n<p>\u00ab\u00a0Pour de nombreuses grandes entreprises, les co\u00fbts \u00e9lev\u00e9s de corruption demeurent plus faibles que les co\u00fbts (\u2026) d\u2019une \u00e9thique des affaires\u00a0\u00bb, a-t-il insist\u00e9.<\/p>\n<p>Il a estim\u00e9 que ces entreprises (mines, bois, t\u00e9l\u00e9communications\u2026) ont \u00ab\u00a0peu d\u2019int\u00e9r\u00eat \u00e0 la transparence concernant les appels d\u2019offres \u2026)\u00a0\u00bb.<\/p>\n<p>Le chef de l\u2019\u00c9tat investi le 24 janvier a annonc\u00e9 son intention de ratifier une convention de l\u2019Union africaine contre la corruption pour \u00ab\u00a0permettre \u00e0 la RDC de r\u00e9cup\u00e9rer les avoirs et les produits de la corruption diss\u00e9min\u00e9s dans les paradis fiscaux\u00a0\u00bb.<\/p>\n<p>Il a confirm\u00e9 sous les applaudissements son intention de modifier la loi \u00e9lectorale pour la d\u00e9signation \u00ab\u00a0des d\u00e9put\u00e9s provinciaux, des gouverneurs et des s\u00e9nateurs\u00a0\u00bb.<\/p>\n<p>L\u2019\u00e9lection en mars des s\u00e9nateurs au suffrage indirect par les d\u00e9put\u00e9s provinciaux avaient \u00e9t\u00e9 marqu\u00e9e par des accusations d\u2019achat\/vente de voix pour des dizaines de milliers de dollars.<\/p>\n<p>\u00ab\u00a0Je fais appel \u00e0 tout le personnel judiciaire du pays, sp\u00e9cialement aux magistrats, qui doivent en toutes circonstances rendre une justice juste et \u00e9quitable, sans pour autant c\u00e9der \u00e0 la tentation de la corruption\u00a0\u00bb, a insist\u00e9 M. Tshisekedi.<\/p>\n<p>Il a annonc\u00e9 \u00ab\u00a0la cr\u00e9ation sous peu au sein de (son) cabinet d\u2019un service sp\u00e9cialis\u00e9 d\u00e9nomm\u00e9 coordination pour le changement des mentalit\u00e9s\u00a0\u00bb.<\/p>\n<p>A l\u2019appui d\u2019un \u00ab\u00a0message fort contre les intouchables corrupteurs et corrompus, d\u2019hier et d\u2019aujourd\u2019hui\u00a0\u00bb, il a lanc\u00e9 : \u00ab\u00a0Sous mon mandat, ces intouchables sont appel\u00e9s \u00e0 la reconversion, par la stricte application de la loi\u00a0\u00bb.<\/p>\n<p>M. Tshisekedi a \u00e9t\u00e9 proclam\u00e9 vainqueur de l\u2019\u00e9lection pr\u00e9sidentielle du 30 d\u00e9cembre, un r\u00e9sultat contest\u00e9 par son rival de l\u2019opposition, Martin Fayulu.<\/p>\n<p>Le chef de l\u2019\u00c9tat a pass\u00e9 un accord de coalition avec son pr\u00e9d\u00e9cesseur, Joseph Kabila.<\/p>\n<p>La RDC est class\u00e9e \u00e0 la 161e place sur 180 pays dans le classement 2019 de Transparency international.<\/p>\n<\/div>\n<p>Auteur: AFP<br \/>\n<a href=\"https:\/\/www.journalducameroun.com\/rdc-tshisekedi-en-croisade-contre-la-corruption\/\">Cliquez ici pour lire l&rsquo;article depuis sa source.<\/a><\/p>\n","protected":false},"excerpt":{"rendered":"<p>Publi\u00e9 le 11.07.2019 \u00e0 19h50 par AFP Le nouveau pr\u00e9sident de la R\u00e9publique d\u00e9mocratique du Congo, F\u00e9lix Tshisekedi, a d\u00e9nonc\u00e9 jeudi la \u00ab\u00a0petite et la grande corruption\u00a0\u00bb et promis la fin du r\u00e8gne des \u00ab\u00a0intouchables corrupteurs et corrompus\u00a0\u00bb ainsi que quelques mesures. La corruption implique aussi bien les \u00ab\u00a0fonctionnaires subalternes\u00a0\u00bb que les \u00ab\u00a0membres les plus [&hellip;]<\/p>\n","protected":false},"author":1965,"featured_media":0,"comment_status":"closed","ping_status":"closed","sticky":false,"template":"","format":"standard","meta":{"fifu_image_url":"","fifu_image_alt":"","footnotes":""},"categories":[73,82],"tags":[],"class_list":["post-45751","post","type-post","status-publish","format-standard","hentry","category-actualite","category-cameroun"],"_links":{"self":[{"href":"https:\/\/linitiative.ca\/International\/wp-json\/wp\/v2\/posts\/45751","targetHints":{"allow":["GET"]}}],"collection":[{"href":"https:\/\/linitiative.ca\/International\/wp-json\/wp\/v2\/posts"}],"about":[{"href":"https:\/\/linitiative.ca\/International\/wp-json\/wp\/v2\/types\/post"}],"author":[{"embeddable":true,"href":"https:\/\/linitiative.ca\/International\/wp-json\/wp\/v2\/users\/1965"}],"replies":[{"embeddable":true,"href":"https:\/\/linitiative.ca\/International\/wp-json\/wp\/v2\/comments?post=45751"}],"version-history":[{"count":0,"href":"https:\/\/linitiative.ca\/International\/wp-json\/wp\/v2\/posts\/45751\/revisions"}],"wp:attachment":[{"href":"https:\/\/linitiative.ca\/International\/wp-json\/wp\/v2\/media?parent=45751"}],"wp:term":[{"taxonomy":"category","embeddable":true,"href":"https:\/\/linitiative.ca\/International\/wp-json\/wp\/v2\/categories?post=45751"},{"taxonomy":"post_tag","embeddable":true,"href":"https:\/\/linitiative.ca\/International\/wp-json\/wp\/v2\/tags?post=45751"}],"curies":[{"name":"wp","href":"https:\/\/api.w.org\/{rel}","templated":true}]}}