{"id":45752,"date":"2019-07-11T15:50:01","date_gmt":"2019-07-11T19:50:01","guid":{"rendered":"https:\/\/linitiative.ca\/International\/washington-veut-une-mission-internationale-apres-un-nouvel-incident-dans-le-golfe\/"},"modified":"2019-07-11T15:50:01","modified_gmt":"2019-07-11T19:50:01","slug":"washington-veut-une-mission-internationale-apres-un-nouvel-incident-dans-le-golfe","status":"publish","type":"post","link":"https:\/\/linitiative.ca\/International\/washington-veut-une-mission-internationale-apres-un-nouvel-incident-dans-le-golfe\/","title":{"rendered":"Washington veut une mission internationale apr\u00e8s un nouvel incident dans le Golfe"},"content":{"rendered":"<div readability=\"32\">\n<p>Publi\u00e9 le 11.07.2019 \u00e0 20h50 par AFP<\/p>\n<\/div>\n<div readability=\"151\">\n<p>Les Etats-Unis ont confirm\u00e9 jeudi leur intention de former une coalition internationale pour escorter les navires de commerce dans le Golfe au lendemain d\u2019un incident avec la marine iranienne qui a, selon Londres, tent\u00e9 de bloquer le passage d\u2019un p\u00e9trolier britannique dans le d\u00e9troit d\u2019Ormuz.<\/p>\n<p>\u00ab\u00a0Nous allons tenter avec cette coalition (\u2026) de fournir une escorte militaire navale aux navires commerciaux\u00a0\u00bb, a expliqu\u00e9 le g\u00e9n\u00e9ral Mark Milley devant une commission du S\u00e9nat am\u00e9ricain qui devait confirmer sa nomination au poste de chef d\u2019\u00e9tat-major interarmes am\u00e9ricain.<\/p>\n<p>Cette op\u00e9ration internationale devrait se mettre en place \u00ab\u00a0dans les prochaines semaines\u00a0\u00bb, a poursuivi le futur plus haut grad\u00e9 de l\u2019arm\u00e9e am\u00e9ricaine, soulignant qu\u2019avec la Ve Flotte bas\u00e9e \u00e0 Bahre\u00efn, les Etats-Unis jouaient un \u00ab\u00a0r\u00f4le crucial\u00a0\u00bb pour garantir la libert\u00e9 de navigation dans cette zone strat\u00e9gique.<\/p>\n<p>Le g\u00e9n\u00e9ral Joseph Dunford, qu\u2019il doit remplacer, avait expliqu\u00e9 mardi que Washington d\u00e9terminerait \u00ab\u00a0au cours des deux ou trois prochaines semaines\u00a0\u00bb les pays ayant \u00ab\u00a0la volont\u00e9 politique de soutenir cette initiative\u00a0\u00bb pour ensuite \u00ab\u00a0identifier les capacit\u00e9s sp\u00e9cifiques\u00a0\u00bb militaires de cette op\u00e9ration d\u2019envergure qui doit concerner les d\u00e9troits \u00e0 l\u2019est (Ormuz) et \u00e0 l\u2019ouest (Bab al-Mendeb) de la p\u00e9ninsule arabique.<\/p>\n<p>La tension autour du d\u00e9troit d\u2019Ormuz, par lequel transite pr\u00e8s d\u2019un tiers du p\u00e9trole brut mondial achemin\u00e9 par voie maritime, a grimp\u00e9 ces derni\u00e8res semaines \u00e0 cause d\u2019une spirale d\u2019\u00e9v\u00e9nements, dont des attaques d\u2019origine inconnue contre des p\u00e9troliers et la destruction d\u2019un drone am\u00e9ricain par l\u2019Iran.<\/p>\n<p>\u2013 Confrontation en mer \u2013<\/p>\n<p>T\u00e9h\u00e9ran, accus\u00e9 par Washington d\u2019\u00eatre \u00e0 l\u2019origine des sabotages de tankers, a d\u00e9menti toute responsabilit\u00e9, d\u00e9non\u00e7ant \u00e0 son tour la volont\u00e9 des Etats-Unis de \u00ab\u00a0provoquer un choc\u00a0\u00bb sur le march\u00e9 p\u00e9trolier en lui imposant des sanctions s\u00e9v\u00e8res et un embargo sur ses exportations de brut.<\/p>\n<p>Un nouvel incident est venu s\u2019ajouter mercredi quand la marine militaire iranienne a tent\u00e9, selon le Royaume-Uni, \u00ab\u00a0d\u2019emp\u00eacher le passage\u00a0\u00bb par Ormuz d\u2019un p\u00e9trolier britannique. Une fr\u00e9gate de la Royal Navy, venue \u00e0 sa rescousse, a d\u00fb \u00ab\u00a0lancer des avertissements verbaux\u00a0\u00bb aux vedettes iraniennes pour qu\u2019elles battent en retraite.<\/p>\n<p>Les Gardiens de la R\u00e9volution, arm\u00e9e id\u00e9ologique du r\u00e9gime iranien qui patrouille dans les eaux territoriales, ont ni\u00e9 toute \u00ab\u00a0confrontation\u00a0\u00bb avec des navires \u00e9trangers \u00ab\u00a0au cours des derni\u00e8res 24 heures\u00a0\u00bb.<\/p>\n<p>Le face-\u00e0-face est intervenu le jour d\u2019une mise en garde du pr\u00e9sident iranien Hassan Rohani au Royaume-Uni, \u00e9voquant des \u00ab\u00a0cons\u00e9quences\u00a0\u00bb apr\u00e8s l\u2019arraisonnement par Londres d\u2019un p\u00e9trolier iranien au large de Gibraltar la semaine derni\u00e8re.<\/p>\n<p>L\u2019Iran a d\u00e9nonc\u00e9 un acte de \u00ab\u00a0piraterie\u00a0\u00bb en haute mer apr\u00e8s l\u2019interception du Grace 1, soup\u00e7onn\u00e9 de transporter sa cargaison vers la raffinerie de Banias en Syrie, en violation des sanctions europ\u00e9ennes contre le r\u00e9gime du pr\u00e9sident Bachar al-Assad.<\/p>\n<p>Le pr\u00e9sident am\u00e9ricain Donald Trump s\u2019est entretenu mercredi avec le Premier ministre isra\u00e9lien Benjamin Netanyahu pour \u00e9voquer les activit\u00e9s \u00ab\u00a0n\u00e9fastes\u00a0\u00bb de l\u2019Iran, selon la Maison Blanche.<\/p>\n<p>\u2013 R\u00e9ticences europ\u00e9ennes \u2013<\/p>\n<p>Les tensions dans la r\u00e9gion du Golfe n\u2019ont fait que s\u2019intensifier depuis que les Etats-Unis se sont retir\u00e9s en 2018 de l\u2019accord nucl\u00e9aire sign\u00e9 entre l\u2019Iran et les grandes puissances en 2015 \u00e0 Vienne.<\/p>\n<p>M. Trump a r\u00e9cemment appel\u00e9 les pays importateurs de p\u00e9trole \u00e0 \u00ab\u00a0prot\u00e9ger leurs propres navires\u00a0\u00bb transitant par le d\u00e9troit d\u2019Ormuz, estimant que la marine am\u00e9ricaine assurait la s\u00e9curit\u00e9 des p\u00e9troliers \u00e9trangers dans le Golfe \u00ab\u00a0sans la moindre compensation\u00a0\u00bb.<\/p>\n<p>Le secr\u00e9taire d\u2019Etat am\u00e9ricain Mike Pompeo a dit en juin esp\u00e9rer que plus de vingt pays, dont les Emirats arabes unis et l\u2019Arabie saoudite \u2013premier exportateur mondial de brut\u2013, accepteraient de travailler ensemble sur la s\u00e9curit\u00e9 maritime.<\/p>\n<p>Lors d\u2019une r\u00e9cente visite \u00e0 l\u2019Otan, le chef du Pentagone Mark Esper a assur\u00e9 que \u00ab\u00a0certains\u00a0\u00bb membres de l\u2019Alliance atlantique avaient exprim\u00e9 en priv\u00e9 leur int\u00e9r\u00eat \u00e0 participer \u00e0 cette coalition.<\/p>\n<p>Mais les dirigeants europ\u00e9ens semblent r\u00e9ticents \u00e0 engager des moyens militaires dans cette r\u00e9gion o\u00f9 la moindre escarmouche peut d\u00e9g\u00e9n\u00e9rer en conflit ouvert.<\/p>\n<p>\u00ab\u00a0La France n\u2019est jamais oblig\u00e9e de suivre un alli\u00e9 dans un conflit\u00a0\u00bb, a d\u00e9clar\u00e9 jeudi le g\u00e9n\u00e9ral Fran\u00e7ois Lecointre, chef d\u2019\u00e9tat-major fran\u00e7ais des arm\u00e9es.<\/p>\n<p>Paris \u00ab\u00a0est dans une logique de d\u00e9sescalade\u00a0\u00bb en tentant de sauver l\u2019accord nucl\u00e9aire, dont T\u00e9h\u00e9ran s\u2019est lib\u00e9r\u00e9 de plusieurs volets, a affirm\u00e9 \u00e0 l\u2019AFP une source gouvernementale, pr\u00e9cisant que \u00ab\u00a0mettre des moyens suppl\u00e9mentaires dans la r\u00e9gion ne nous para\u00eet pas ad\u00e9quat\u00a0\u00bb.<\/p>\n<p>La France et le Royaume-Uni disposent de bases militaires \u00e0 Abou Dhabi et \u00e0 Bahre\u00efn, et il existe d\u00e9j\u00e0 une force maritime multinationale, la Combined Maritime Forces (CMF), pour lutter contre la piraterie dans le golfe d\u2019Aden et au large de la Somalie.<\/p>\n<\/div>\n<p>Auteur: AFP<br \/>\n<a href=\"https:\/\/www.journalducameroun.com\/washington-veut-une-mission-internationale-apres-un-nouvel-incident-dans-le-golfe\/\">Cliquez ici pour lire l&rsquo;article depuis sa source.<\/a><\/p>\n","protected":false},"excerpt":{"rendered":"<p>Publi\u00e9 le 11.07.2019 \u00e0 20h50 par AFP Les Etats-Unis ont confirm\u00e9 jeudi leur intention de former une coalition internationale pour escorter les navires de commerce dans le Golfe au lendemain d\u2019un incident avec la marine iranienne qui a, selon Londres, tent\u00e9 de bloquer le passage d\u2019un p\u00e9trolier britannique dans le d\u00e9troit d\u2019Ormuz. \u00ab\u00a0Nous allons tenter [&hellip;]<\/p>\n","protected":false},"author":1965,"featured_media":0,"comment_status":"closed","ping_status":"closed","sticky":false,"template":"","format":"standard","meta":{"fifu_image_url":"","fifu_image_alt":"","footnotes":""},"categories":[73,82],"tags":[],"class_list":["post-45752","post","type-post","status-publish","format-standard","hentry","category-actualite","category-cameroun"],"_links":{"self":[{"href":"https:\/\/linitiative.ca\/International\/wp-json\/wp\/v2\/posts\/45752","targetHints":{"allow":["GET"]}}],"collection":[{"href":"https:\/\/linitiative.ca\/International\/wp-json\/wp\/v2\/posts"}],"about":[{"href":"https:\/\/linitiative.ca\/International\/wp-json\/wp\/v2\/types\/post"}],"author":[{"embeddable":true,"href":"https:\/\/linitiative.ca\/International\/wp-json\/wp\/v2\/users\/1965"}],"replies":[{"embeddable":true,"href":"https:\/\/linitiative.ca\/International\/wp-json\/wp\/v2\/comments?post=45752"}],"version-history":[{"count":0,"href":"https:\/\/linitiative.ca\/International\/wp-json\/wp\/v2\/posts\/45752\/revisions"}],"wp:attachment":[{"href":"https:\/\/linitiative.ca\/International\/wp-json\/wp\/v2\/media?parent=45752"}],"wp:term":[{"taxonomy":"category","embeddable":true,"href":"https:\/\/linitiative.ca\/International\/wp-json\/wp\/v2\/categories?post=45752"},{"taxonomy":"post_tag","embeddable":true,"href":"https:\/\/linitiative.ca\/International\/wp-json\/wp\/v2\/tags?post=45752"}],"curies":[{"name":"wp","href":"https:\/\/api.w.org\/{rel}","templated":true}]}}