{"id":45753,"date":"2019-07-11T15:50:03","date_gmt":"2019-07-11T19:50:03","guid":{"rendered":"https:\/\/linitiative.ca\/International\/libye-au-moins-quatre-morts-dans-un-attentat-a-la-voiture-piegee-a-benghazi\/"},"modified":"2019-07-11T15:50:03","modified_gmt":"2019-07-11T19:50:03","slug":"libye-au-moins-quatre-morts-dans-un-attentat-a-la-voiture-piegee-a-benghazi","status":"publish","type":"post","link":"https:\/\/linitiative.ca\/International\/libye-au-moins-quatre-morts-dans-un-attentat-a-la-voiture-piegee-a-benghazi\/","title":{"rendered":"Libye: au moins quatre morts dans un attentat \u00e0 la voiture pi\u00e9g\u00e9e \u00e0 Benghazi"},"content":{"rendered":"<div readability=\"32\">\n<p>Publi\u00e9 le 11.07.2019 \u00e0 20h50 par AFP<\/p>\n<\/div>\n<div readability=\"95\">\n<p>Au moins quatre personnes ont \u00e9t\u00e9 tu\u00e9es, dont deux civils, et 33 autres bless\u00e9es jeudi dans un attentat \u00e0 la voiture pi\u00e9g\u00e9e dans un cimeti\u00e8re \u00e0 Benghazi (Est de la Libye), au cours des obs\u00e8ques d\u2019un ancien officier de l\u2019arm\u00e9e, selon une source hospitali\u00e8re.<\/p>\n<p>Selon un responsable de s\u00e9curit\u00e9 de la ville, l\u2019attentat, le premier depuis plus d\u2019un an dans le fief des forces du mar\u00e9chal Khalifa Haftar, a vis\u00e9 des militaires et des officiers participant aux fun\u00e9railles du g\u00e9n\u00e9ral Khalifa al-Mesmari, ancien responsable des forces sp\u00e9ciales sous le r\u00e9gime de Mouammar Kadhafi.<\/p>\n<p>L\u2019attentat n\u2019a pas \u00e9t\u00e9 revendiqu\u00e9 dans l\u2019imm\u00e9diat.<\/p>\n<p>Le porte-parole du mar\u00e9chal Haftar, le g\u00e9n\u00e9ral Ahmad al-Mesmari qui a particip\u00e9 aux fun\u00e9railles a confirm\u00e9 le bilan de quatre morts, dont deux membres des forces sp\u00e9ciales, lors d\u2019une conf\u00e9rence de presse, au cours de laquelle il a d\u00e9nonc\u00e9 un \u00ab\u00a0attentat terroriste\u00a0\u00bb.<\/p>\n<p>Bastion de la r\u00e9volution libyenne de 2011 qui a renvers\u00e9 le r\u00e9gime de Kadhafi, Benghazi a \u00e9t\u00e9 particuli\u00e8rement touch\u00e9e par des violences visant notamment les repr\u00e9sentations diplomatiques et les forces de s\u00e9curit\u00e9.<\/p>\n<p>Une attaque contre le consulat am\u00e9ricain, le 11 septembre 2012, a co\u00fbt\u00e9 la vie \u00e0 l\u2019ambassadeur Christopher Stevens ainsi que trois autres Am\u00e9ricains.<\/p>\n<p>Le dernier attentat dans cette ville avait fait 7 morts en mai 2018.<\/p>\n<p>Le mar\u00e9chal Haftar a lanc\u00e9 en 2014 une op\u00e9ration contre des groupes islamistes et jihadistes qui contr\u00f4laient la ville. Il en est venu \u00e0 bout en 2017, apr\u00e8s trois ans de combats meurtriers.<\/p>\n<p>Il s\u2019\u00e9tait empar\u00e9 plus tard de Derna, seule ville de l\u2019est libyen qui \u00e9chappait \u00e0 son contr\u00f4le, apr\u00e8s plusieurs semaines de combats.<\/p>\n<p>D\u00e9but 2019, il a envoy\u00e9 ses forces \u00e0 la conqu\u00eate du sud, pour le \u00ab\u00a0purger, selon lui, des groupes terroristes et criminels\u00a0\u00bb, avant de commencer d\u00e9but avril une offensive contre la capitale libyenne, si\u00e8ge du Gouvernement d\u2019union nationale (GNA) reconnu par l\u2019ONU.<\/p>\n<p>Les combats aux portes de la capitale libyenne ont fait 1.048 morts, dont 106 civils, et 5.558 bless\u00e9s, dont 289 civils, selon un dernier bilan mardi de l\u2019Organisation mondiale de sant\u00e9.<\/p>\n<\/div>\n<p>Auteur: AFP<br \/>\n<a href=\"https:\/\/www.journalducameroun.com\/libye-au-moins-quatre-morts-dans-un-attentat-a-la-voiture-piegee-a-benghazi\/\">Cliquez ici pour lire l&rsquo;article depuis sa source.<\/a><\/p>\n","protected":false},"excerpt":{"rendered":"<p>Publi\u00e9 le 11.07.2019 \u00e0 20h50 par AFP Au moins quatre personnes ont \u00e9t\u00e9 tu\u00e9es, dont deux civils, et 33 autres bless\u00e9es jeudi dans un attentat \u00e0 la voiture pi\u00e9g\u00e9e dans un cimeti\u00e8re \u00e0 Benghazi (Est de la Libye), au cours des obs\u00e8ques d\u2019un ancien officier de l\u2019arm\u00e9e, selon une source hospitali\u00e8re. Selon un responsable de [&hellip;]<\/p>\n","protected":false},"author":1965,"featured_media":0,"comment_status":"closed","ping_status":"closed","sticky":false,"template":"","format":"standard","meta":{"fifu_image_url":"","fifu_image_alt":"","footnotes":""},"categories":[73,82],"tags":[],"class_list":["post-45753","post","type-post","status-publish","format-standard","hentry","category-actualite","category-cameroun"],"_links":{"self":[{"href":"https:\/\/linitiative.ca\/International\/wp-json\/wp\/v2\/posts\/45753","targetHints":{"allow":["GET"]}}],"collection":[{"href":"https:\/\/linitiative.ca\/International\/wp-json\/wp\/v2\/posts"}],"about":[{"href":"https:\/\/linitiative.ca\/International\/wp-json\/wp\/v2\/types\/post"}],"author":[{"embeddable":true,"href":"https:\/\/linitiative.ca\/International\/wp-json\/wp\/v2\/users\/1965"}],"replies":[{"embeddable":true,"href":"https:\/\/linitiative.ca\/International\/wp-json\/wp\/v2\/comments?post=45753"}],"version-history":[{"count":0,"href":"https:\/\/linitiative.ca\/International\/wp-json\/wp\/v2\/posts\/45753\/revisions"}],"wp:attachment":[{"href":"https:\/\/linitiative.ca\/International\/wp-json\/wp\/v2\/media?parent=45753"}],"wp:term":[{"taxonomy":"category","embeddable":true,"href":"https:\/\/linitiative.ca\/International\/wp-json\/wp\/v2\/categories?post=45753"},{"taxonomy":"post_tag","embeddable":true,"href":"https:\/\/linitiative.ca\/International\/wp-json\/wp\/v2\/tags?post=45753"}],"curies":[{"name":"wp","href":"https:\/\/api.w.org\/{rel}","templated":true}]}}