{"id":45755,"date":"2019-07-11T17:18:03","date_gmt":"2019-07-11T21:18:03","guid":{"rendered":"https:\/\/linitiative.ca\/International\/le-cacao-estime-a-pres-de-12-des-recettes-fiscales-de-la-cote-divoire\/"},"modified":"2019-07-11T17:18:03","modified_gmt":"2019-07-11T21:18:03","slug":"le-cacao-estime-a-pres-de-12-des-recettes-fiscales-de-la-cote-divoire","status":"publish","type":"post","link":"https:\/\/linitiative.ca\/International\/le-cacao-estime-a-pres-de-12-des-recettes-fiscales-de-la-cote-divoire\/","title":{"rendered":"Le cacao estim\u00e9 \u00e0 pr\u00e8s de 12% des recettes fiscales de la C\u00f4te d\u2019Ivoire"},"content":{"rendered":"<div readability=\"32\">\n<p>Publi\u00e9 le 11.07.2019 \u00e0 22h18 par APA News<\/p>\n<\/div>\n<div readability=\"91\">\n<p>Le cacao est estim\u00e9 \u00e0 pr\u00e8s de 12% des recettes fiscales de la C\u00f4te d\u2019Ivoire, a indiqu\u00e9 jeudi \u00e0 Abidjan le secr\u00e9taire d\u2019Etat aupr\u00e8s du Premier ministre ivoirien, charg\u00e9 du Budget et du portefeuille de l\u2019Etat, Moussa Sanogo.\u00ab En termes de volume de taxation, les recettes \u00a0fiscales issues du cacao repr\u00e9sentent \u00e0 peu pr\u00e8s 12% des recettes \u00a0fiscales du pays \u00bb, a dit M. Moussa Sanogo, lors d\u2019une c\u00e9r\u00e9monie de \u00a0pr\u00e9sentation du 9\u00e8 rapport de la Banque mondiale sur la situation \u00a0\u00e9conomique en C\u00f4te d\u2019Ivoire, \u00e0 la primature. \u00a0\u00a0<\/p>\n<p>Selon \u00a0M. Moussa Sanogo, \u00ab une bonne partie des recettes fiscales de la C\u00f4te \u00a0d\u2019Ivoire provient du secteur tertiaire puis secondaire et le secteur \u00a0primaire \u00bb. Le secteur minier, lui, repr\u00e9sente \u00ab 2,5% des recettes \u00a0fiscales \u00bb. \u00a0\u00a0<\/p>\n<p>Dans ce rapport intitul\u00e9 \u00ab Au \u00a0pays du cacao, comment transformer la C\u00f4te d\u2019Ivoire \u00bb, l\u2019auteur du \u00a0document Jacques Morisset, souligne que l\u2019\u00e9conomie ivoirienne maintient \u00a0sa \u00ab bonne dynamique \u00bb amorc\u00e9e depuis la sortie de la crise politique en \u00a02011.\u00a0<\/p>\n<p>Depuis sept ans, le taux de croissance \u00a0du Produit int\u00e9rieur brut (PIB) a d\u00e9pass\u00e9 7% et devrait atteindre 7,2% \u00a0en 2019 pour se stabiliser \u00e0 ce niveau dans les prochaines ann\u00e9es, note \u00a0le rapport sur la situation \u00e9conomique ivoirienne.<\/p>\n<p>Le \u00a0secteur priv\u00e9 est redevenu le principal moteur de la croissance apr\u00e8s \u00a0un d\u00e9clin en 2016-2017. Suite \u00e0 des r\u00e9formes entreprises pour am\u00e9liorer \u00a0le climat des affaires, les investissements ont connu un regain en 2018, \u00a0mais pourraient fl\u00e9chir au regard des incertitudes pour la \u00a0pr\u00e9sidentielle de 2020.\u00a0<\/p>\n<p>L\u2019Etat ivoirien a \u00a0r\u00e9duit son d\u00e9ficit budg\u00e9taire de 4,5% \u00e0 4% du PIB entre 2017 et 2018 et \u00a0vise un d\u00e9ficit de 3% \u00e0 partir de 2019, conform\u00e9ment aux objectifs \u00a0communautaires. Des coupes budg\u00e9taires ont eu lieu sur des d\u00e9penses \u00a0publiques (-0,7% du PIB) notamment les investissements de l\u2019Etat.\u00a0<\/p>\n<p>Le \u00a0rapport poursuit que les efforts de recouvrement des recettes devraient \u00a0s\u2019accentuer, avec la hausse de certains droits d\u2019accises et la \u00a0r\u00e9duction des exon\u00e9rations fiscales accord\u00e9es notamment au titre de la \u00a0taxe sur la valeur ajout\u00e9e (TVA).<\/p>\n<p>Au niveau \u00a0domestique, l\u2019approche des \u00e9lections pr\u00e9sidentielles d\u2019octobre 2020 \u00a0constitue le principal risque, car les op\u00e9rateurs priv\u00e9s pourraient \u00a0ralentir leurs d\u00e9penses d\u2019investissements et de consommation en cas \u00a0d\u2019instabilit\u00e9, fait observer M. Morisset.\u00a0<\/p>\n<\/div>\n<p>Auteur: APA News<br \/>\n<a href=\"https:\/\/www.journalducameroun.com\/le-cacao-estime-a-pres-de-12-des-recettes-fiscales-de-la-cote-divoire\/\">Cliquez ici pour lire l&rsquo;article depuis sa source.<\/a><\/p>\n","protected":false},"excerpt":{"rendered":"<p>Publi\u00e9 le 11.07.2019 \u00e0 22h18 par APA News Le cacao est estim\u00e9 \u00e0 pr\u00e8s de 12% des recettes fiscales de la C\u00f4te d\u2019Ivoire, a indiqu\u00e9 jeudi \u00e0 Abidjan le secr\u00e9taire d\u2019Etat aupr\u00e8s du Premier ministre ivoirien, charg\u00e9 du Budget et du portefeuille de l\u2019Etat, Moussa Sanogo.\u00ab En termes de volume de taxation, les recettes \u00a0fiscales [&hellip;]<\/p>\n","protected":false},"author":1965,"featured_media":0,"comment_status":"closed","ping_status":"closed","sticky":false,"template":"","format":"standard","meta":{"fifu_image_url":"","fifu_image_alt":"","footnotes":""},"categories":[73,82],"tags":[],"class_list":["post-45755","post","type-post","status-publish","format-standard","hentry","category-actualite","category-cameroun"],"_links":{"self":[{"href":"https:\/\/linitiative.ca\/International\/wp-json\/wp\/v2\/posts\/45755","targetHints":{"allow":["GET"]}}],"collection":[{"href":"https:\/\/linitiative.ca\/International\/wp-json\/wp\/v2\/posts"}],"about":[{"href":"https:\/\/linitiative.ca\/International\/wp-json\/wp\/v2\/types\/post"}],"author":[{"embeddable":true,"href":"https:\/\/linitiative.ca\/International\/wp-json\/wp\/v2\/users\/1965"}],"replies":[{"embeddable":true,"href":"https:\/\/linitiative.ca\/International\/wp-json\/wp\/v2\/comments?post=45755"}],"version-history":[{"count":0,"href":"https:\/\/linitiative.ca\/International\/wp-json\/wp\/v2\/posts\/45755\/revisions"}],"wp:attachment":[{"href":"https:\/\/linitiative.ca\/International\/wp-json\/wp\/v2\/media?parent=45755"}],"wp:term":[{"taxonomy":"category","embeddable":true,"href":"https:\/\/linitiative.ca\/International\/wp-json\/wp\/v2\/categories?post=45755"},{"taxonomy":"post_tag","embeddable":true,"href":"https:\/\/linitiative.ca\/International\/wp-json\/wp\/v2\/tags?post=45755"}],"curies":[{"name":"wp","href":"https:\/\/api.w.org\/{rel}","templated":true}]}}