{"id":45790,"date":"2019-07-12T07:54:06","date_gmt":"2019-07-12T11:54:06","guid":{"rendered":"https:\/\/linitiative.ca\/International\/deux-accords-pour-ouvrir-de-nouvelles-opportunites-demploi-a-linternational-au-profit-de-la-main-doeuvre-tunisienne\/"},"modified":"2019-07-12T07:54:06","modified_gmt":"2019-07-12T11:54:06","slug":"deux-accords-pour-ouvrir-de-nouvelles-opportunites-demploi-a-linternational-au-profit-de-la-main-doeuvre-tunisienne","status":"publish","type":"post","link":"https:\/\/linitiative.ca\/International\/deux-accords-pour-ouvrir-de-nouvelles-opportunites-demploi-a-linternational-au-profit-de-la-main-doeuvre-tunisienne\/","title":{"rendered":"Deux accords pour ouvrir de nouvelles opportunit\u00e9s d\u2019emploi \u00e0 l\u2019international au profit de la main d\u2019\u0153uvre tunisienne"},"content":{"rendered":"<p>Deux accords de partenariat ont \u00e9t\u00e9 sign\u00e9s hier 11 juillet 2019 \u00e0 Paris entre l\u2019Agence Nationale pour l\u2019Emploi et le Travail Ind\u00e9pendant et deux entreprises fran\u00e7aises, sp\u00e9cialis\u00e9es dans le recrutement des\u00a0comp\u00e9tences \u00e0 l\u2019\u00e9tranger.\u00a0Ces accords s\u2019inscrivent dans le cadre de la convention du 28 avril 2008 portant sur la gestion concert\u00e9e des migrations et du d\u00e9veloppement solidaire entre la France et la\u00a0Tunisie.<\/p>\n<p>L\u2019objectif est d\u2019ouvrir de nouvelles opportunit\u00e9s d\u2019emploi \u00e0 l\u2019international au profit de la main d\u2019\u0153uvre tunisienne dans divers domaines.<\/p>\n<p class=\"dpsp-share-text\">Partager c&rsquo;est aimer!<\/p>\n<div class=\"wp-post-author-wrap wp-post-author-shortcode left\">\n<h3 class=\"awpa-title\"\/>\n<div class=\"wp-post-author\">\n<div class=\"awpa-img awpa-author-block square\"><a href=\"http:\/\/lexpertjournal.net\/fr\/author\/expert\/\"><img loading=\"lazy\" decoding=\"async\" alt=\"\" src=\"http:\/\/2.gravatar.com\/avatar\/56d99be2a6f97af88ccb49fada637fcd?s=150&#038;d=mm&#038;r=g\" srcset=\"http:\/\/2.gravatar.com\/avatar\/56d99be2a6f97af88ccb49fada637fcd?s=300&#038;d=mm&#038;r=g 2x\" class=\"avatar avatar-150 photo\" height=\"150\" width=\"150\"\/><\/a><\/div>\n<\/div>\n<\/div>\n<p>Auteur: L&rsquo;expert<br \/>\n<a href=\"http:\/\/lexpertjournal.net\/fr\/2019\/07\/12\/deux-accords-pour-ouvrir-de-nouvelles-opportunites-demploi-a-linternational-au-profit-de-la-main-doeuvre-tunisienne\/\">Cliquez ici pour lire l&rsquo;article depuis sa source.<\/a><\/p>\n","protected":false},"excerpt":{"rendered":"<p>Deux accords de partenariat ont \u00e9t\u00e9 sign\u00e9s hier 11 juillet 2019 \u00e0 Paris entre l\u2019Agence Nationale pour l\u2019Emploi et le Travail Ind\u00e9pendant et deux entreprises fran\u00e7aises, sp\u00e9cialis\u00e9es dans le recrutement des\u00a0comp\u00e9tences \u00e0 l\u2019\u00e9tranger.\u00a0Ces accords s\u2019inscrivent dans le cadre de la convention du 28 avril 2008 portant sur la gestion concert\u00e9e des migrations et du d\u00e9veloppement [&hellip;]<\/p>\n","protected":false},"author":1775,"featured_media":0,"comment_status":"closed","ping_status":"closed","sticky":false,"template":"","format":"standard","meta":{"fifu_image_url":"","fifu_image_alt":"","footnotes":""},"categories":[78,55],"tags":[],"class_list":["post-45790","post","type-post","status-publish","format-standard","hentry","category-economie","category-tunisie"],"_links":{"self":[{"href":"https:\/\/linitiative.ca\/International\/wp-json\/wp\/v2\/posts\/45790","targetHints":{"allow":["GET"]}}],"collection":[{"href":"https:\/\/linitiative.ca\/International\/wp-json\/wp\/v2\/posts"}],"about":[{"href":"https:\/\/linitiative.ca\/International\/wp-json\/wp\/v2\/types\/post"}],"author":[{"embeddable":true,"href":"https:\/\/linitiative.ca\/International\/wp-json\/wp\/v2\/users\/1775"}],"replies":[{"embeddable":true,"href":"https:\/\/linitiative.ca\/International\/wp-json\/wp\/v2\/comments?post=45790"}],"version-history":[{"count":0,"href":"https:\/\/linitiative.ca\/International\/wp-json\/wp\/v2\/posts\/45790\/revisions"}],"wp:attachment":[{"href":"https:\/\/linitiative.ca\/International\/wp-json\/wp\/v2\/media?parent=45790"}],"wp:term":[{"taxonomy":"category","embeddable":true,"href":"https:\/\/linitiative.ca\/International\/wp-json\/wp\/v2\/categories?post=45790"},{"taxonomy":"post_tag","embeddable":true,"href":"https:\/\/linitiative.ca\/International\/wp-json\/wp\/v2\/tags?post=45790"}],"curies":[{"name":"wp","href":"https:\/\/api.w.org\/{rel}","templated":true}]}}