{"id":45791,"date":"2019-07-12T08:06:23","date_gmt":"2019-07-12T12:06:23","guid":{"rendered":"https:\/\/linitiative.ca\/International\/isie-elections-2019-publication-des-listes-preliminaires-des-electeurs\/"},"modified":"2019-07-12T08:06:23","modified_gmt":"2019-07-12T12:06:23","slug":"isie-elections-2019-publication-des-listes-preliminaires-des-electeurs","status":"publish","type":"post","link":"https:\/\/linitiative.ca\/International\/isie-elections-2019-publication-des-listes-preliminaires-des-electeurs\/","title":{"rendered":"ISIE \u2013 Elections 2019 :  Publication des listes pr\u00e9liminaires des \u00e9lecteurs"},"content":{"rendered":"<p>L\u2019Instance Sup\u00e9rieure Ind\u00e9pendante pour les Elections (ISIE) a indiqu\u00e9 avoir mis \u00e0 la disposition du public, sur son site internet www.isie.tn, \u00e0 partir de ce vendredi 12 juillet et jusqu\u2019au 14 du m\u00eame mois, les listes pr\u00e9liminaires des \u00e9lecteurs, \u00e0 l\u2019occasion du scrutin pr\u00e9sidentiel 2019.<\/p>\n<p>Les listes sont \u00e9galement affich\u00e9es dans les directions r\u00e9gionales de l\u2019ISIE, les d\u00e9l\u00e9gations, les missions diplomatiques ou encore les consulats \u00e0 l\u2019\u00e9tranger.<\/p>\n<p>Dans un communiqu\u00e9 rendu public, l\u2019ISIE a indiqu\u00e9 que le d\u00e9p\u00f4t des recours sur les listes des \u00e9lecteurs aura lieu pendant les horaires administratifs (de 08h00 \u00e0 14h00) dans les sections r\u00e9gionales de l\u2019ISIE en Tunisie et \u00e0 l\u2019\u00e9tranger ou par courrier \u00e9lectronique.<\/p>\n<p class=\"dpsp-share-text\">Partager c&rsquo;est aimer!<\/p>\n<div class=\"wp-post-author-wrap wp-post-author-shortcode left\">\n<h3 class=\"awpa-title\"\/>\n<div class=\"wp-post-author\">\n<div class=\"awpa-img awpa-author-block square\"><a href=\"http:\/\/lexpertjournal.net\/fr\/author\/expert\/\"><img loading=\"lazy\" decoding=\"async\" alt=\"\" src=\"http:\/\/2.gravatar.com\/avatar\/56d99be2a6f97af88ccb49fada637fcd?s=150&#038;d=mm&#038;r=g\" srcset=\"http:\/\/2.gravatar.com\/avatar\/56d99be2a6f97af88ccb49fada637fcd?s=300&#038;d=mm&#038;r=g 2x\" class=\"avatar avatar-150 photo\" height=\"150\" width=\"150\"\/><\/a><\/div>\n<\/div>\n<\/div>\n<p>Auteur: L&rsquo;expert<br \/>\n<a href=\"http:\/\/lexpertjournal.net\/fr\/2019\/07\/12\/isie-elections-2019-publication-des-listes-preliminaires-des-electeurs\/\">Cliquez ici pour lire l&rsquo;article depuis sa source.<\/a><\/p>\n","protected":false},"excerpt":{"rendered":"<p>L\u2019Instance Sup\u00e9rieure Ind\u00e9pendante pour les Elections (ISIE) a indiqu\u00e9 avoir mis \u00e0 la disposition du public, sur son site internet www.isie.tn, \u00e0 partir de ce vendredi 12 juillet et jusqu\u2019au 14 du m\u00eame mois, les listes pr\u00e9liminaires des \u00e9lecteurs, \u00e0 l\u2019occasion du scrutin pr\u00e9sidentiel 2019. Les listes sont \u00e9galement affich\u00e9es dans les directions r\u00e9gionales de [&hellip;]<\/p>\n","protected":false},"author":1775,"featured_media":0,"comment_status":"closed","ping_status":"closed","sticky":false,"template":"","format":"standard","meta":{"fifu_image_url":"","fifu_image_alt":"","footnotes":""},"categories":[78,55],"tags":[],"class_list":["post-45791","post","type-post","status-publish","format-standard","hentry","category-economie","category-tunisie"],"_links":{"self":[{"href":"https:\/\/linitiative.ca\/International\/wp-json\/wp\/v2\/posts\/45791","targetHints":{"allow":["GET"]}}],"collection":[{"href":"https:\/\/linitiative.ca\/International\/wp-json\/wp\/v2\/posts"}],"about":[{"href":"https:\/\/linitiative.ca\/International\/wp-json\/wp\/v2\/types\/post"}],"author":[{"embeddable":true,"href":"https:\/\/linitiative.ca\/International\/wp-json\/wp\/v2\/users\/1775"}],"replies":[{"embeddable":true,"href":"https:\/\/linitiative.ca\/International\/wp-json\/wp\/v2\/comments?post=45791"}],"version-history":[{"count":0,"href":"https:\/\/linitiative.ca\/International\/wp-json\/wp\/v2\/posts\/45791\/revisions"}],"wp:attachment":[{"href":"https:\/\/linitiative.ca\/International\/wp-json\/wp\/v2\/media?parent=45791"}],"wp:term":[{"taxonomy":"category","embeddable":true,"href":"https:\/\/linitiative.ca\/International\/wp-json\/wp\/v2\/categories?post=45791"},{"taxonomy":"post_tag","embeddable":true,"href":"https:\/\/linitiative.ca\/International\/wp-json\/wp\/v2\/tags?post=45791"}],"curies":[{"name":"wp","href":"https:\/\/api.w.org\/{rel}","templated":true}]}}