{"id":45809,"date":"2019-07-11T19:39:57","date_gmt":"2019-07-11T23:39:57","guid":{"rendered":"https:\/\/linitiative.ca\/International\/meurtre-dimlil-le-proces-reprendra-le-18-juillet\/"},"modified":"2019-07-11T19:39:57","modified_gmt":"2019-07-11T23:39:57","slug":"meurtre-dimlil-le-proces-reprendra-le-18-juillet","status":"publish","type":"post","link":"https:\/\/linitiative.ca\/International\/meurtre-dimlil-le-proces-reprendra-le-18-juillet\/","title":{"rendered":"Meurtre d\u2019Imlil: Le proc\u00e8s reprendra le 18 juillet"},"content":{"rendered":"<div class=\"single-featured\"><img alt=\"\" data-src=\"http:\/\/www.mapmarrakech.ma\/map\/uploads\/2019\/07\/annexecourdappel-sal\u00e9-copier.jpg\"\/><\/div>\n<div class=\"single-post-excerpt post-excerpt-bc\" readability=\"37\">\n<p>Rabat \u2013 La Chambre criminelle charg\u00e9e des affaires du terrorisme pr\u00e8s l\u2019annexe de la Cour d\u2019appel a fix\u00e9, lors de son audience tenue jeudi \u00e0 Sal\u00e9, la date du 18 juillet pour reprendre l\u2019examen du proc\u00e8s des 24 accus\u00e9s dans l\u2019affaire du meurtre des deux touristes scandinaves dans la r\u00e9gion d\u2019Imlil (province d\u2019El Haouz).<\/p>\n<\/div>\n<div class=\"entry-content clearfix single-post-content\" readability=\"51\">\n<p>La Cour a d\u00e9cid\u00e9 de consacrer l\u2019audience du 18 juillet au dernier mot des accus\u00e9s et \u00e0 la cl\u00f4ture des d\u00e9bats.<\/p>\n<p>Les accus\u00e9s, dont un ressortissant portant la double nationalit\u00e9 suisse et espagnole, sont poursuivis notamment pour \u00ab\u00a0constitution d\u2019une bande pour pr\u00e9parer et commettre des actes terroristes, atteinte \u00e0 la vie de personnes avec pr\u00e9m\u00e9ditation, possession d\u2019armes \u00e0 feu et tentative de fabrication d\u2019explosifs en violation \u00e0 la loi, dans le cadre d\u2019un projet collectif visant \u00e0 porter gravement atteinte \u00e0 l\u2019ordre public\u00a0\u00bb.<\/p>\n<p>Dans le cadre des investigations effectu\u00e9es apr\u00e8s la d\u00e9couverte des corps sans vie de deux touristes \u00e9trang\u00e8res dans la r\u00e9gion d\u2019Imlil, le Bureau central d\u2019investigations judiciaires (BCIJ) relevant de la Direction g\u00e9n\u00e9rale de la surveillance du territoire national, avait annonc\u00e9 l\u2019arrestation des personnes accus\u00e9es, en collaboration avec la Gendarmerie royale et la S\u00fbret\u00e9 nationale.<\/p>\n<\/div>\n<p>Auteur: Meriem IGASS<br \/>\n<a href=\"http:\/\/www.mapmarrakech.ma\/fr\/meurtre-dimlil-le-proces-reprendra-le-18-juillet\/\">Cliquez ici pour lire l&rsquo;article depuis sa source.<\/a><\/p>\n","protected":false},"excerpt":{"rendered":"<p>Rabat \u2013 La Chambre criminelle charg\u00e9e des affaires du terrorisme pr\u00e8s l\u2019annexe de la Cour d\u2019appel a fix\u00e9, lors de son audience tenue jeudi \u00e0 Sal\u00e9, la date du 18 juillet pour reprendre l\u2019examen du proc\u00e8s des 24 accus\u00e9s dans l\u2019affaire du meurtre des deux touristes scandinaves dans la r\u00e9gion d\u2019Imlil (province d\u2019El Haouz). La [&hellip;]<\/p>\n","protected":false},"author":1788,"featured_media":45810,"comment_status":"closed","ping_status":"closed","sticky":false,"template":"","format":"standard","meta":{"fifu_image_url":"","fifu_image_alt":"","footnotes":""},"categories":[54,76],"tags":[],"class_list":["post-45809","post","type-post","status-publish","format-standard","has-post-thumbnail","hentry","category-maroc","category-regions"],"_links":{"self":[{"href":"https:\/\/linitiative.ca\/International\/wp-json\/wp\/v2\/posts\/45809","targetHints":{"allow":["GET"]}}],"collection":[{"href":"https:\/\/linitiative.ca\/International\/wp-json\/wp\/v2\/posts"}],"about":[{"href":"https:\/\/linitiative.ca\/International\/wp-json\/wp\/v2\/types\/post"}],"author":[{"embeddable":true,"href":"https:\/\/linitiative.ca\/International\/wp-json\/wp\/v2\/users\/1788"}],"replies":[{"embeddable":true,"href":"https:\/\/linitiative.ca\/International\/wp-json\/wp\/v2\/comments?post=45809"}],"version-history":[{"count":0,"href":"https:\/\/linitiative.ca\/International\/wp-json\/wp\/v2\/posts\/45809\/revisions"}],"wp:featuredmedia":[{"embeddable":true,"href":"https:\/\/linitiative.ca\/International\/wp-json\/"}],"wp:attachment":[{"href":"https:\/\/linitiative.ca\/International\/wp-json\/wp\/v2\/media?parent=45809"}],"wp:term":[{"taxonomy":"category","embeddable":true,"href":"https:\/\/linitiative.ca\/International\/wp-json\/wp\/v2\/categories?post=45809"},{"taxonomy":"post_tag","embeddable":true,"href":"https:\/\/linitiative.ca\/International\/wp-json\/wp\/v2\/tags?post=45809"}],"curies":[{"name":"wp","href":"https:\/\/api.w.org\/{rel}","templated":true}]}}