{"id":45811,"date":"2019-07-11T20:01:29","date_gmt":"2019-07-12T00:01:29","guid":{"rendered":"https:\/\/linitiative.ca\/International\/oum-toyour-chouika-interdiction-des-mollusques-bivalves\/"},"modified":"2019-07-11T20:01:29","modified_gmt":"2019-07-12T00:01:29","slug":"oum-toyour-chouika-interdiction-des-mollusques-bivalves","status":"publish","type":"post","link":"https:\/\/linitiative.ca\/International\/oum-toyour-chouika-interdiction-des-mollusques-bivalves\/","title":{"rendered":"Oum Toyour-Chouika: Interdiction des mollusques bivalves"},"content":{"rendered":"<div class=\"single-featured\"><img alt=\"\" data-src=\"http:\/\/www.mapmarrakech.ma\/map\/uploads\/2019\/07\/r\u00e9colte-des-coquillages-1.jpg\"\/><\/div>\n<div class=\"single-post-excerpt post-excerpt-bc\" readability=\"35\">\n<p>Rabat- Le D\u00e9partement de la P\u00eache maritime a annonc\u00e9 jeudi sa d\u00e9cision d\u2019interdire la r\u00e9colte et la commercialisation de tous les mollusques bivalves issus de la zone conchylicole class\u00e9e Oum Toyour-Chouika relevant de la r\u00e9gion d\u2019Essaouira, et ce jusqu\u2019\u00e0 \u00e9puration totale du milieu.<\/p>\n<\/div>\n<div class=\"entry-content clearfix single-post-content\" readability=\"46\">\n<p>Les r\u00e9sultats d\u2019analyses, effectu\u00e9es par l\u2019Institut national de recherche halieutique (INRH) au niveau de cette zone, d\u00e9notent la pr\u00e9sence de toxines marines dans les coquillages \u00e0 \u00ab\u00a0des teneurs anormales\u00a0\u00bb, a indiqu\u00e9 le d\u00e9partement dans un communiqu\u00e9.<\/p>\n<p>Le minist\u00e8re recommande aux consommateurs de ne s\u2019approvisionner qu\u2019en produits conditionn\u00e9s, portant les \u00e9tiquettes sanitaires d\u2019identification et commercialis\u00e9s dans les points de vente autoris\u00e9s (march\u00e9s officiels).<\/p>\n<p>\u00ab\u00a0Les coquillages colport\u00e9s ou vendus en vrac ne pr\u00e9sentent aucune garantie de salubrit\u00e9 et constituent un danger pour la sant\u00e9 publique\u00a0\u00bb, a averti la m\u00eame source.<\/p>\n<\/div>\n<p>Auteur: Meriem IGASS<br \/>\n<a href=\"http:\/\/www.mapmarrakech.ma\/fr\/mollusques-bivalves-interdiction-de-la-recolte-et-la-commercialisation\/\">Cliquez ici pour lire l&rsquo;article depuis sa source.<\/a><\/p>\n","protected":false},"excerpt":{"rendered":"<p>Rabat- Le D\u00e9partement de la P\u00eache maritime a annonc\u00e9 jeudi sa d\u00e9cision d\u2019interdire la r\u00e9colte et la commercialisation de tous les mollusques bivalves issus de la zone conchylicole class\u00e9e Oum Toyour-Chouika relevant de la r\u00e9gion d\u2019Essaouira, et ce jusqu\u2019\u00e0 \u00e9puration totale du milieu. Les r\u00e9sultats d\u2019analyses, effectu\u00e9es par l\u2019Institut national de recherche halieutique (INRH) au [&hellip;]<\/p>\n","protected":false},"author":1788,"featured_media":45812,"comment_status":"closed","ping_status":"closed","sticky":false,"template":"","format":"standard","meta":{"fifu_image_url":"","fifu_image_alt":"","footnotes":""},"categories":[54,76],"tags":[],"class_list":["post-45811","post","type-post","status-publish","format-standard","has-post-thumbnail","hentry","category-maroc","category-regions"],"_links":{"self":[{"href":"https:\/\/linitiative.ca\/International\/wp-json\/wp\/v2\/posts\/45811","targetHints":{"allow":["GET"]}}],"collection":[{"href":"https:\/\/linitiative.ca\/International\/wp-json\/wp\/v2\/posts"}],"about":[{"href":"https:\/\/linitiative.ca\/International\/wp-json\/wp\/v2\/types\/post"}],"author":[{"embeddable":true,"href":"https:\/\/linitiative.ca\/International\/wp-json\/wp\/v2\/users\/1788"}],"replies":[{"embeddable":true,"href":"https:\/\/linitiative.ca\/International\/wp-json\/wp\/v2\/comments?post=45811"}],"version-history":[{"count":0,"href":"https:\/\/linitiative.ca\/International\/wp-json\/wp\/v2\/posts\/45811\/revisions"}],"wp:featuredmedia":[{"embeddable":true,"href":"https:\/\/linitiative.ca\/International\/wp-json\/"}],"wp:attachment":[{"href":"https:\/\/linitiative.ca\/International\/wp-json\/wp\/v2\/media?parent=45811"}],"wp:term":[{"taxonomy":"category","embeddable":true,"href":"https:\/\/linitiative.ca\/International\/wp-json\/wp\/v2\/categories?post=45811"},{"taxonomy":"post_tag","embeddable":true,"href":"https:\/\/linitiative.ca\/International\/wp-json\/wp\/v2\/tags?post=45811"}],"curies":[{"name":"wp","href":"https:\/\/api.w.org\/{rel}","templated":true}]}}