{"id":45813,"date":"2019-07-11T20:25:38","date_gmt":"2019-07-12T00:25:38","guid":{"rendered":"https:\/\/linitiative.ca\/International\/proces-imlil-demande-dune-expertise-psychologique\/"},"modified":"2019-07-11T20:25:38","modified_gmt":"2019-07-12T00:25:38","slug":"proces-imlil-demande-dune-expertise-psychologique","status":"publish","type":"post","link":"https:\/\/linitiative.ca\/International\/proces-imlil-demande-dune-expertise-psychologique\/","title":{"rendered":"Proc\u00e8s Imlil: Demande d\u2019une expertise psychologique"},"content":{"rendered":"<div readability=\"36\">\n<p>Sal\u00e9 \u2013 La d\u00e9fense des accus\u00e9s dans l\u2019affaire du meurtre des deux touristes scandinaves dans la r\u00e9gion d\u2019Imlil (province d\u2019El-Haouz) a demand\u00e9 jeudi une expertise psychologique sur les pr\u00e9venus, lors d\u2019une audience de la Chambre criminelle charg\u00e9e des affaires du terrorisme pr\u00e8s l\u2019annexe de la Cour d\u2019appel \u00e0 Sal\u00e9.<\/p>\n<\/div>\n<div readability=\"104\">\n<p>\u00ab\u00a0Un tel crime rev\u00eat un caract\u00e8re exceptionnel et ne peut \u00eatre le fait de personnes normales\u00a0\u00bb, ont estim\u00e9 les avocats de la d\u00e9fense, commis d\u2019office dans le cadre de l\u2019assistance judiciaire.<\/p>\n<p>Les auteurs de ce double meurtre \u00ab\u00a0doivent \u00eatre des personnes anormales sur les plans psychologique et social d\u2019autant plus qu\u2019ils sont issus d\u2019un milieu en proie \u00e0 l\u2019ignorance et \u00e0 la pr\u00e9carit\u00e9\u00a0\u00bb, ont-ils argu\u00e9, affirmant que ceux-ci, \u00ab\u00a0\u00e9tant de faible niveau scolaire, ont subi un lavage de cerveau\u00a0\u00bb.<\/p>\n<p>La d\u00e9fense de l\u2019\u00c9tat a pour sa part sollicit\u00e9 de la Cour de ne pas engager le r\u00f4le de l\u2019\u00c9tat dans cette affaire et de se d\u00e9clarer incomp\u00e9tente \u00e0 cet \u00e9gard, soulignant que les institutions de l\u2019\u00c9tat assument pleinement leur mission et qu\u2019il n\u2019y a eu aucune d\u00e9faillance ou n\u00e9gligence, \u00ab\u00a0comme l\u2019atteste la garantie des conditions du proc\u00e8s \u00e9quitable\u00a0\u00bb.<\/p>\n<p>Elle a en outre affirm\u00e9 qu\u2019aucun fondement l\u00e9gal ne peut \u00eatre invoqu\u00e9 pour engager la responsabilit\u00e9 de l\u2019\u00c9tat dans ce crime, assurant que l\u2019\u00c9tat marocain remplit absolument ses fonctions en termes de protection des fronti\u00e8res et des personnes, qu\u2019elles soient marocaines ou \u00e9trang\u00e8res.<\/p>\n<p>\u00ab\u00a0Le Maroc accueille chaque ann\u00e9e 13 millions de touristes \u00e9trangers qui passent leurs s\u00e9jours en toute s\u00e9curit\u00e9\u00a0\u00bb, a rappel\u00e9 la d\u00e9fense de l\u2019\u00c9tat, ajoutant que \u00ab\u00a0ce qui s\u2019est pass\u00e9 reste tout \u00e0 fait exceptionnel\u00a0\u00bb. Il s\u2019agit, a-t-elle pr\u00e9cis\u00e9, de personnes ignorantes, lequel constat ne met gu\u00e8re en cause le r\u00f4le de la police marocaine et de tous les appareils comp\u00e9tents en la mati\u00e8re.<\/p>\n<p>Cette audience a \u00e9t\u00e9 marqu\u00e9e par la pr\u00e9sentation d\u2019une lettre de la m\u00e8re de la victime danoise, par l\u2019interm\u00e9diaire de l\u2019avocat de sa famille.<\/p>\n<p>Dans cette lettre, l\u2019accent est mis sur les efforts d\u00e9ploy\u00e9s par les services de s\u00e9curit\u00e9 marocains pour prot\u00e9ger les touristes \u00e9trangers, soulignant que ces services n\u2019ont commis aucune faute ayant entra\u00een\u00e9 l\u2019assassinat de sa fille. La m\u00e8re a \u00e9galement r\u00e9clam\u00e9 la peine de mort pour les auteurs du double meurtre.<\/p>\n<p>Au cours de cette audience, la Chambre criminelle charg\u00e9e des affaires du terrorisme pr\u00e8s l\u2019annexe de la Cour d\u2019appel a fix\u00e9 la date du 18 juillet pour reprendre l\u2019examen du proc\u00e8s. Elle a \u00e9galement d\u00e9cid\u00e9 de consacrer la prochaine audience au dernier mot des accus\u00e9s et \u00e0 la cl\u00f4ture des d\u00e9bats.<\/p>\n<p>Les accus\u00e9s, dont un ressortissant portant la double nationalit\u00e9 suisse et espagnole, sont poursuivis pour \u00ab\u00a0constitution d\u2019une bande pour pr\u00e9parer et commettre des actes terroristes, atteinte \u00e0 la vie de personnes avec pr\u00e9m\u00e9ditation, possession d\u2019armes \u00e0 feu et tentative de fabrication d\u2019explosifs en violation \u00e0 la loi, dans le cadre d\u2019un projet collectif visant \u00e0 porter gravement atteinte \u00e0 l\u2019ordre public\u00a0\u00bb.<\/p>\n<p>Dans le cadre des investigations effectu\u00e9es apr\u00e8s la d\u00e9couverte des corps sans vie de deux touristes \u00e9trang\u00e8res dans la r\u00e9gion d\u2019Imlil, le Bureau central d\u2019investigations judiciaires (BCIJ) relevant de la Direction g\u00e9n\u00e9rale de la surveillance du territoire national, avait annonc\u00e9 l\u2019arrestation des personnes accus\u00e9es, en collaboration avec la Gendarmerie Royale et la S\u00fbret\u00e9 nationale.<\/p>\n<\/div>\n<p>Auteur: Meriem IGASS<br \/>\n<a href=\"http:\/\/www.mapmarrakech.ma\/fr\/proces-imlil-demande-dune-expertise-psychologique-sur-les-accuses\/\">Cliquez ici pour lire l&rsquo;article depuis sa source.<\/a><\/p>\n","protected":false},"excerpt":{"rendered":"<p>Sal\u00e9 \u2013 La d\u00e9fense des accus\u00e9s dans l\u2019affaire du meurtre des deux touristes scandinaves dans la r\u00e9gion d\u2019Imlil (province d\u2019El-Haouz) a demand\u00e9 jeudi une expertise psychologique sur les pr\u00e9venus, lors d\u2019une audience de la Chambre criminelle charg\u00e9e des affaires du terrorisme pr\u00e8s l\u2019annexe de la Cour d\u2019appel \u00e0 Sal\u00e9. \u00ab\u00a0Un tel crime rev\u00eat un caract\u00e8re [&hellip;]<\/p>\n","protected":false},"author":1788,"featured_media":0,"comment_status":"closed","ping_status":"closed","sticky":false,"template":"","format":"standard","meta":{"fifu_image_url":"","fifu_image_alt":"","footnotes":""},"categories":[54,76],"tags":[],"class_list":["post-45813","post","type-post","status-publish","format-standard","hentry","category-maroc","category-regions"],"_links":{"self":[{"href":"https:\/\/linitiative.ca\/International\/wp-json\/wp\/v2\/posts\/45813","targetHints":{"allow":["GET"]}}],"collection":[{"href":"https:\/\/linitiative.ca\/International\/wp-json\/wp\/v2\/posts"}],"about":[{"href":"https:\/\/linitiative.ca\/International\/wp-json\/wp\/v2\/types\/post"}],"author":[{"embeddable":true,"href":"https:\/\/linitiative.ca\/International\/wp-json\/wp\/v2\/users\/1788"}],"replies":[{"embeddable":true,"href":"https:\/\/linitiative.ca\/International\/wp-json\/wp\/v2\/comments?post=45813"}],"version-history":[{"count":0,"href":"https:\/\/linitiative.ca\/International\/wp-json\/wp\/v2\/posts\/45813\/revisions"}],"wp:attachment":[{"href":"https:\/\/linitiative.ca\/International\/wp-json\/wp\/v2\/media?parent=45813"}],"wp:term":[{"taxonomy":"category","embeddable":true,"href":"https:\/\/linitiative.ca\/International\/wp-json\/wp\/v2\/categories?post=45813"},{"taxonomy":"post_tag","embeddable":true,"href":"https:\/\/linitiative.ca\/International\/wp-json\/wp\/v2\/tags?post=45813"}],"curies":[{"name":"wp","href":"https:\/\/api.w.org\/{rel}","templated":true}]}}