{"id":45816,"date":"2019-07-12T13:07:36","date_gmt":"2019-07-12T17:07:36","guid":{"rendered":"https:\/\/linitiative.ca\/International\/les-collaborateurs-de-abl-aviation-en-conclave-a-marrakech\/"},"modified":"2019-07-12T13:07:36","modified_gmt":"2019-07-12T17:07:36","slug":"les-collaborateurs-de-abl-aviation-en-conclave-a-marrakech","status":"publish","type":"post","link":"https:\/\/linitiative.ca\/International\/les-collaborateurs-de-abl-aviation-en-conclave-a-marrakech\/","title":{"rendered":"Les collaborateurs de ABL Aviation en conclave \u00e0 Marrakech"},"content":{"rendered":"<div readability=\"38\">\n<p>Marrakech \u2013 Une trentaine de collaborateurs de ABL Aviation, une compagnie de leasing a\u00e9rien bas\u00e9e \u00e0 Dublin, se sont r\u00e9unis \u00e0 Marrakech, durant deux journ\u00e9es, pour le meeting annuel des cadres sous le th\u00e8me de \u00ab\u00a0l\u2019Optimisation au service de l\u2019a\u00e9ronautique\u00a0\u00bb.<\/p>\n<\/div>\n<div readability=\"79\">\n<p>Selon un communiqu\u00e9 de la compagnie, les collaborateurs d\u2019ABL Aviation ont fait le d\u00e9placement \u00e0 Marrakech, venant du si\u00e8ge social de l\u2019entreprise \u00e0 Dublin et de ses quatre bureaux situ\u00e9s \u00e0 New York, Hong Kong, Duba\u00ef et Casablanca, avec comme objectif de d\u00e9battre du th\u00e8me de l\u2019optimisation en prenant comme cas d\u2019\u00e9tude : le potentiel d\u2019optimisation qu\u2019offre le mod\u00e8le d\u2019affaires d\u2019ABL Aviation aux compagnies a\u00e9riennes.<\/p>\n<p>Selon la m\u00eame source, le business model de l\u2019entreprise est fond\u00e9e sur une strat\u00e9gie ax\u00e9e sur l\u2019optimisation \u00e0 travers des mod\u00e8les d\u2019investissement alternatifs avec \u00e0 la clef une offre de service compl\u00e8te depuis la recherche de solution de services, en passant par la structuration des transactions d\u2019avions, avec \u00e0 l\u2019appui le d\u00e9veloppement des mod\u00e8les financiers et la recherche de financement.<\/p>\n<p>\u00ab\u00a0Le choix de Marrakech pour r\u00e9unir les collaborateurs cadres d\u2019ABL Aviation n\u2019est pas fortuit. Il d\u00e9coule de l\u2019importance que porte notre entreprise \u00e0 l\u2019avenir de l\u2019aviation en Afrique et au potentiel de notre bureau au Maroc pour constituer un hub r\u00e9gional pour le continent\u00a0\u00bb, a indiqu\u00e9 Ali Ben Lmadani, CEO et fondateur d\u2019ABL Aviation.<\/p>\n<p>\u00ab\u00a0A travers cet \u00e9v\u00e9nement, je voulais aussi faire d\u00e9couvrir la destination Maroc, mon pays, \u00e0 mes collaborateurs issus de 12 nationalit\u00e9s diff\u00e9rentes\u00a0\u00bb, a-t-il ajout\u00e9.<\/p>\n<p>Depuis sa cr\u00e9ation en 2015, le loueur d\u2019avion, ABL Aviation a g\u00e9n\u00e9r\u00e9 environ 550 millions de dollars d\u2019investissements et est \u00e0 l\u2019origine du financement, location et gestion de 22 avions dans le monde.<\/p>\n<p>Cette compagnie qui s\u2019est install\u00e9e au Maroc en 2017, avait d\u00e9marr\u00e9 effectivement ses activit\u00e9s \u00e0 Casablanca en mai dernier et devient de ce fait, la seule et unique entreprise bas\u00e9e en Afrique \u00e0 offrir un service complet de location d\u2019avions commerciaux.<\/p>\n<p>La compagnie a obtenu r\u00e9cemment le statut CFC (Casablanca Finance City) en vue d\u2019investir dans le march\u00e9 a\u00e9ronautique africain et faire de Casablanca son hub r\u00e9gional pour l\u2019Afrique en apportant des solutions de financement uniques dans le continent.<\/p>\n<\/div>\n<p>Auteur: Meriem IGASS<br \/>\n<a href=\"http:\/\/www.mapmarrakech.ma\/fr\/les-cadres-collaborateurs-de-abl-aviation-en-conclave-a-marrakech\/\">Cliquez ici pour lire l&rsquo;article depuis sa source.<\/a><\/p>\n","protected":false},"excerpt":{"rendered":"<p>Marrakech \u2013 Une trentaine de collaborateurs de ABL Aviation, une compagnie de leasing a\u00e9rien bas\u00e9e \u00e0 Dublin, se sont r\u00e9unis \u00e0 Marrakech, durant deux journ\u00e9es, pour le meeting annuel des cadres sous le th\u00e8me de \u00ab\u00a0l\u2019Optimisation au service de l\u2019a\u00e9ronautique\u00a0\u00bb. Selon un communiqu\u00e9 de la compagnie, les collaborateurs d\u2019ABL Aviation ont fait le d\u00e9placement \u00e0 [&hellip;]<\/p>\n","protected":false},"author":1788,"featured_media":0,"comment_status":"closed","ping_status":"closed","sticky":false,"template":"","format":"standard","meta":{"fifu_image_url":"","fifu_image_alt":"","footnotes":""},"categories":[54,76],"tags":[],"class_list":["post-45816","post","type-post","status-publish","format-standard","hentry","category-maroc","category-regions"],"_links":{"self":[{"href":"https:\/\/linitiative.ca\/International\/wp-json\/wp\/v2\/posts\/45816","targetHints":{"allow":["GET"]}}],"collection":[{"href":"https:\/\/linitiative.ca\/International\/wp-json\/wp\/v2\/posts"}],"about":[{"href":"https:\/\/linitiative.ca\/International\/wp-json\/wp\/v2\/types\/post"}],"author":[{"embeddable":true,"href":"https:\/\/linitiative.ca\/International\/wp-json\/wp\/v2\/users\/1788"}],"replies":[{"embeddable":true,"href":"https:\/\/linitiative.ca\/International\/wp-json\/wp\/v2\/comments?post=45816"}],"version-history":[{"count":0,"href":"https:\/\/linitiative.ca\/International\/wp-json\/wp\/v2\/posts\/45816\/revisions"}],"wp:attachment":[{"href":"https:\/\/linitiative.ca\/International\/wp-json\/wp\/v2\/media?parent=45816"}],"wp:term":[{"taxonomy":"category","embeddable":true,"href":"https:\/\/linitiative.ca\/International\/wp-json\/wp\/v2\/categories?post=45816"},{"taxonomy":"post_tag","embeddable":true,"href":"https:\/\/linitiative.ca\/International\/wp-json\/wp\/v2\/tags?post=45816"}],"curies":[{"name":"wp","href":"https:\/\/api.w.org\/{rel}","templated":true}]}}