{"id":45821,"date":"2019-07-11T20:38:49","date_gmt":"2019-07-12T00:38:49","guid":{"rendered":"https:\/\/linitiative.ca\/International\/et-de-13-pour-le-festival-national-de-la-culture-amazighe\/"},"modified":"2019-07-11T20:38:49","modified_gmt":"2019-07-12T00:38:49","slug":"et-de-13-pour-le-festival-national-de-la-culture-amazighe","status":"publish","type":"post","link":"https:\/\/linitiative.ca\/International\/et-de-13-pour-le-festival-national-de-la-culture-amazighe\/","title":{"rendered":"Et de 13 pour le festival national de la culture amazighe"},"content":{"rendered":"<div readability=\"35\">\n<p>La 13\u00e8me \u00e9dition du festival national de la culture amazighe se tiendra, du 22 au 24 juillet courant \u00e0 Guercif, \u00e0 l\u2019initiative de l\u2019Association Adrar-Guercif.<\/p>\n<\/div>\n<div readability=\"77\">\n<p>Organis\u00e9e en partenariat avec l\u2019Institut Royal de la culture amazighe (IRCAM), cette manifestation s\u2019assigne pour objectif de promouvoir la culture et l\u2019art amazighs et d\u2019encourager les artistes et musiciens professionnels et amateurs, et de conforter la cr\u00e9ativit\u00e9 artistique en g\u00e9n\u00e9ral et la musique en particulier.<\/p>\n<p>Il s\u2019agit aussi, selon les organisateurs, de cr\u00e9er des activit\u00e9s artistiques et r\u00e9cr\u00e9atives au profit de la population locale et de la r\u00e9gion de l\u2019Oriental, d\u2019encourager le tourisme culturel et de faire rayonner les valeurs de tol\u00e9rance, de coexistence et de paix.<\/p>\n<p>Le programme de cette \u00e9dition pr\u00e9voit une s\u00e9ries d\u2019activit\u00e9s culturelles et artistiques, dont des expositions de produits du terroir et de l\u2019artisanat (tissage, produits \u00e0 base d\u2019alfa, tapis, habits traditionnels, objets d\u2019art\u2026), des expositions d\u2019art plastique et des soir\u00e9es musicales.<\/p>\n<p>Initi\u00e9 avec l\u2019appui du minist\u00e8re de la Culture et d\u2019autres partenaires, cet \u00e9v\u00e9nement conna\u00eetra la participation de troupes de musique, des associations et coop\u00e9ratives, des acad\u00e9miciens, des professeurs-chercheurs et des cr\u00e9ateurs de diff\u00e9rentes r\u00e9gions du Royaume.<\/p>\n<p>Des conf\u00e9rences et rencontres scientifiques traitant de plusieurs sujets en relation avec la culture amazighe et les valeurs de la vie, figure \u00e9galement au menu de cette \u00e9dition en sus de la comp\u00e9tition pour l\u2019obtention du prix national de la culture amazighe pour l\u2019ann\u00e9e 2018, cat\u00e9gorie danse collectif \u2019\u2019Ahidous N\u2019Rif\u2019\u2019.<\/p>\n<p>Le festival s\u2019inscrit dans le sillage des efforts d\u00e9ploy\u00e9s pour la promotion de l\u2019Amazigh dans ses dimensions culturelle et civilisationnelle, en ce sens que la culture contribue au d\u00e9veloppement et au rayonnement des valeurs humaines nobles, indiquent encore les organisateurs.<\/p>\n<\/div>\n<p>Auteur: Soufiane ELAHMAR<br \/>\n<a href=\"http:\/\/www.mapoujda.ma\/fr\/et-de-13-pour-le-festival-national-de-la-culture-amazighe\/\">Cliquez ici pour lire l&rsquo;article depuis sa source.<\/a><\/p>\n","protected":false},"excerpt":{"rendered":"<p>La 13\u00e8me \u00e9dition du festival national de la culture amazighe se tiendra, du 22 au 24 juillet courant \u00e0 Guercif, \u00e0 l\u2019initiative de l\u2019Association Adrar-Guercif. Organis\u00e9e en partenariat avec l\u2019Institut Royal de la culture amazighe (IRCAM), cette manifestation s\u2019assigne pour objectif de promouvoir la culture et l\u2019art amazighs et d\u2019encourager les artistes et musiciens professionnels [&hellip;]<\/p>\n","protected":false},"author":1788,"featured_media":0,"comment_status":"closed","ping_status":"closed","sticky":false,"template":"","format":"standard","meta":{"fifu_image_url":"","fifu_image_alt":"","footnotes":""},"categories":[54,76],"tags":[],"class_list":["post-45821","post","type-post","status-publish","format-standard","hentry","category-maroc","category-regions"],"_links":{"self":[{"href":"https:\/\/linitiative.ca\/International\/wp-json\/wp\/v2\/posts\/45821","targetHints":{"allow":["GET"]}}],"collection":[{"href":"https:\/\/linitiative.ca\/International\/wp-json\/wp\/v2\/posts"}],"about":[{"href":"https:\/\/linitiative.ca\/International\/wp-json\/wp\/v2\/types\/post"}],"author":[{"embeddable":true,"href":"https:\/\/linitiative.ca\/International\/wp-json\/wp\/v2\/users\/1788"}],"replies":[{"embeddable":true,"href":"https:\/\/linitiative.ca\/International\/wp-json\/wp\/v2\/comments?post=45821"}],"version-history":[{"count":0,"href":"https:\/\/linitiative.ca\/International\/wp-json\/wp\/v2\/posts\/45821\/revisions"}],"wp:attachment":[{"href":"https:\/\/linitiative.ca\/International\/wp-json\/wp\/v2\/media?parent=45821"}],"wp:term":[{"taxonomy":"category","embeddable":true,"href":"https:\/\/linitiative.ca\/International\/wp-json\/wp\/v2\/categories?post=45821"},{"taxonomy":"post_tag","embeddable":true,"href":"https:\/\/linitiative.ca\/International\/wp-json\/wp\/v2\/tags?post=45821"}],"curies":[{"name":"wp","href":"https:\/\/api.w.org\/{rel}","templated":true}]}}