{"id":45832,"date":"2019-07-12T15:14:13","date_gmt":"2019-07-12T19:14:13","guid":{"rendered":"https:\/\/linitiative.ca\/International\/ligue-1-2-ess-ouertani-est-attendu-a-setif-au-debut-de-semaine\/"},"modified":"2019-07-12T15:14:13","modified_gmt":"2019-07-12T19:14:13","slug":"ligue-1-2-ess-ouertani-est-attendu-a-setif-au-debut-de-semaine","status":"publish","type":"post","link":"https:\/\/linitiative.ca\/International\/ligue-1-2-ess-ouertani-est-attendu-a-setif-au-debut-de-semaine\/","title":{"rendered":"Ligue 1 &amp; 2 : ESS: Ouertani est attendu \u00e0 S\u00e9tif au d\u00e9but de semaine"},"content":{"rendered":"<div readability=\"32\">\n<p>Auteur : <span>Khalil L.<\/span> <span class=\"time\">vendredi 12 juillet 2019 10:07<\/span><\/p>\n<\/div>\n<div id=\"post_core\" readability=\"45\">\n<p>Alors que c\u2019\u00e9tait pr\u00e9vu qu\u2019il arrive \u00e0 S\u00e9tif hier accompagn\u00e9 de son agent, le milieu de terrain Ouertani Mehdi s\u2019est excus\u00e9, sachant qu\u2019il se trouve en France. Le manager du joueur a appel\u00e9 la direction de l\u2019ESS, en lui expliquant que Ouertani n\u2019a pas trouv\u00e9 de vol et son arriv\u00e9e est repouss\u00e9e, pour le d\u00e9but de semaine. Il devra rencontrer les dirigeants au d\u00e9but de semaine pour finaliser et signer son contrat.<br \/><strong>Tour\u00e9 donne son accord final<\/strong><br \/>De son c\u00f4t\u00e9 le Malien Mlik Tour\u00e9 soci\u00e9taire du MO B\u00e9ja\u00efa qui a trouv\u00e9 un accord avec son club a tout conclu avec la direction de l\u2019Entente de S\u00e9tif. Il a m\u00eame donn\u00e9 son accord de principe et final, pour s\u2019engager avec le club d\u2019A\u00efn Fouara pour les deux prochaines saisons. Il devra rencontrer les dirigeants du MOB dans les prochaines heures pour r\u00e9silier son contrat, sinon il saisira la FIFA. L\u2019annonce de la signature de Tour\u00e9 sera faite apr\u00e8s la r\u00e9siliation du contrat.<br \/><strong>Da\u00e2s signature imminente<\/strong><br \/>Dans le cadre de l\u2019op\u00e9ration recrutement toujours, la direction est entr\u00e9e en contact avec le d\u00e9sormais ex-gardien de but du MCA Said Da\u00e2s qui a r\u00e9cup\u00e9r\u00e9 ses papiers mardi. Ce keeper de 20 ans est convoit\u00e9 par plusieurs clubs, mais il est en contact avanc\u00e9 avec l\u2019ESS. Il est presque acquis et il ne reste que la signature qui est imminente. Il sera en principe aux c\u00f4t\u00e9s de Khedairia le revenant et le jeune r\u00e9serviste Filali.<\/p>\n<p><strong>Publi\u00e9 dans :<\/strong> <span>ess<\/span> <span>Ouertani<\/span> <span>D\u00e2as<\/span><\/p>\n<\/div>\n<p>Auteur:<br \/>\n<a href=\"http:\/\/www.lebuteur.com\/article\/detail?titre=ess-ouertani-est-attendu-a-setif-au-debut-de-semaine&#038;id=90282&#038;utm_source=feedburner&#038;utm_medium=feed&#038;utm_campaign=Feed%3A+GalerieFArtciles+%28Les+derniers+articles++-+lebuteur.com%29\">Cliquez ici pour lire l&rsquo;article depuis sa source.<\/a><\/p>\n","protected":false},"excerpt":{"rendered":"<p>Auteur : Khalil L. vendredi 12 juillet 2019 10:07 Alors que c\u2019\u00e9tait pr\u00e9vu qu\u2019il arrive \u00e0 S\u00e9tif hier accompagn\u00e9 de son agent, le milieu de terrain Ouertani Mehdi s\u2019est excus\u00e9, sachant qu\u2019il se trouve en France. Le manager du joueur a appel\u00e9 la direction de l\u2019ESS, en lui expliquant que Ouertani n\u2019a pas trouv\u00e9 de [&hellip;]<\/p>\n","protected":false},"author":1738,"featured_media":45833,"comment_status":"closed","ping_status":"closed","sticky":false,"template":"","format":"standard","meta":{"fifu_image_url":"","fifu_image_alt":"","footnotes":""},"categories":[53,75],"tags":[],"class_list":["post-45832","post","type-post","status-publish","format-standard","has-post-thumbnail","hentry","category-algerie","category-sport"],"_links":{"self":[{"href":"https:\/\/linitiative.ca\/International\/wp-json\/wp\/v2\/posts\/45832","targetHints":{"allow":["GET"]}}],"collection":[{"href":"https:\/\/linitiative.ca\/International\/wp-json\/wp\/v2\/posts"}],"about":[{"href":"https:\/\/linitiative.ca\/International\/wp-json\/wp\/v2\/types\/post"}],"author":[{"embeddable":true,"href":"https:\/\/linitiative.ca\/International\/wp-json\/wp\/v2\/users\/1738"}],"replies":[{"embeddable":true,"href":"https:\/\/linitiative.ca\/International\/wp-json\/wp\/v2\/comments?post=45832"}],"version-history":[{"count":0,"href":"https:\/\/linitiative.ca\/International\/wp-json\/wp\/v2\/posts\/45832\/revisions"}],"wp:featuredmedia":[{"embeddable":true,"href":"https:\/\/linitiative.ca\/International\/wp-json\/"}],"wp:attachment":[{"href":"https:\/\/linitiative.ca\/International\/wp-json\/wp\/v2\/media?parent=45832"}],"wp:term":[{"taxonomy":"category","embeddable":true,"href":"https:\/\/linitiative.ca\/International\/wp-json\/wp\/v2\/categories?post=45832"},{"taxonomy":"post_tag","embeddable":true,"href":"https:\/\/linitiative.ca\/International\/wp-json\/wp\/v2\/tags?post=45832"}],"curies":[{"name":"wp","href":"https:\/\/api.w.org\/{rel}","templated":true}]}}